[{"@context":"https:\/\/schema.org\/","@type":"Article","@id":"https:\/\/www.zijesjenjednou.cz\/zamilovana-moda-aneb-valentyn-se-blizi\/#Article","mainEntityOfPage":"https:\/\/www.zijesjenjednou.cz\/zamilovana-moda-aneb-valentyn-se-blizi\/","headline":"Zamilovan\u00e1 m\u00f3da aneb Valent\u00fdn se bl\u00ed\u017e\u00ed\u2026","name":"Zamilovan\u00e1 m\u00f3da aneb Valent\u00fdn se bl\u00ed\u017e\u00ed\u2026","description":"U n\u00e1s v \u010cesk\u00e9 republice dosud nem\u00e1 sv\u00e1tek svat\u00e9ho Valent\u00fdna, nebo-li sv\u00e1tek v\u0161ech zamilovan\u00fdch, dlouhou tradici a ani sv\u00e9 pevn\u00e9 m\u00edsto. Star\u0161\u00ed generace, kter\u00e1 je ovlivn\u011bn\u00e1 zejm\u00e9na b\u00e1sn\u00edkem Karlem Hynkem M\u00e1chou, pokl\u00e1d\u00e1 za sv\u00e1tek l\u00e1sky p\u0159edev\u0161\u00edm kv\u011bten. Naopak mlad\u0161\u00ed generace si sv\u00e1tek svat\u00e9ho Valent\u00fdna u\u017e ur\u010dit\u011b obl\u00edbila a p\u0159ijala jej jako p\u0159\u00edjemn\u00e9 rozpt\u00fdlen\u00ed studen\u00fdch dn\u016f.\u00a0...","datePublished":"2023-04-27","dateModified":"2023-04-27","author":{"@type":"Person","@id":"https:\/\/www.zijesjenjednou.cz\/author\/#Person","name":"zijesjenjednou.cz\n","url":"https:\/\/www.zijesjenjednou.cz\/author\/","identifier":1,"image":{"@type":"ImageObject","@id":"https:\/\/secure.gravatar.com\/avatar\/f7320ca526354d2794ceb75173050bfa147af8617816df401a16569341b5fbaf?s=96&d=mm&r=g","url":"https:\/\/secure.gravatar.com\/avatar\/f7320ca526354d2794ceb75173050bfa147af8617816df401a16569341b5fbaf?s=96&d=mm&r=g","height":96,"width":96}},"publisher":{"@type":"Organization","name":"zijesjenjednou.cz","logo":{"@type":"ImageObject","@id":"\/logo.png","url":"\/logo.png","width":600,"height":60}},"url":"https:\/\/www.zijesjenjednou.cz\/zamilovana-moda-aneb-valentyn-se-blizi\/","about":["M\u00f3da"],"wordCount":448,"articleBody":"U n\u00e1s v \u010cesk\u00e9 republice dosud nem\u00e1 sv\u00e1tek svat\u00e9ho Valent\u00fdna, nebo-li sv\u00e1tek v\u0161ech zamilovan\u00fdch, dlouhou tradici a ani sv\u00e9 pevn\u00e9 m\u00edsto. Star\u0161\u00ed generace, kter\u00e1 je ovlivn\u011bn\u00e1 zejm\u00e9na b\u00e1sn\u00edkem Karlem Hynkem M\u00e1chou, pokl\u00e1d\u00e1 za sv\u00e1tek l\u00e1sky p\u0159edev\u0161\u00edm kv\u011bten. Naopak mlad\u0161\u00ed generace si sv\u00e1tek svat\u00e9ho Valent\u00fdna u\u017e ur\u010dit\u011b obl\u00edbila a p\u0159ijala jej jako p\u0159\u00edjemn\u00e9 rozpt\u00fdlen\u00ed studen\u00fdch dn\u016f.\u00a0 Je to \u010das romantick\u00fdch ve\u010de\u0159\u00ed, vesel\u00fdch posezen\u00ed p\u0159i sklence v\u00edna a p\u0159\u00edjemn\u00fdch sch\u016fzek.A\u0165 u\u017e pat\u0159\u00edte mezi ty, kte\u0159\u00ed sv\u00e1tek ignoruj\u00ed, nebo dokonce nesn\u00e1\u0161\u00ed, ale naopak si jej u\u017e\u00edv\u00e1te, sv\u00e1tek svat\u00e9ho Valent\u00fdna ur\u010dit\u011b je v\u00fdbornou p\u0159\u00edle\u017eitost\u00ed, jak projevit sv\u00e9 city k milovan\u00e9 osob\u011b. M\u016f\u017eete j\u00ed darovat kv\u011btiny, v\u00fdborn\u00e9 sladkosti nebo\u00a0 t\u0159eba i roztomil\u00e9 d\u00e1rky. A nemus\u00edte kupovat d\u00e1rek jen sv\u00e9 partnerce nebo partnerovi, je to i p\u0159\u00edjemn\u00e1 mo\u017enost po\u0159\u00eddit si t\u0159eba n\u011bco nov\u00e9ho na sebe a ud\u011blat si tak sami radost.\t\tValent\u00fdnsk\u00e1 m\u00f3da.A co si tedy obl\u00e9knout na Valent\u00fdnsk\u00e9 rande? Valent\u00fdnsk\u00e1 m\u00f3da je rozhodn\u011b rozmarn\u00e1 a v\u00e1\u0161niv\u00e1! Ale nebudeme se tentokr\u00e1t zab\u00fdvat samotn\u00fdmi \u0161aty a za\u010dneme rovnou od z\u00e1kladu, tedy od spodn\u00edho pr\u00e1dla.K l\u00e1sce a romantice pat\u0159\u00ed samoz\u0159ejm\u011b obl\u00edben\u00e1 a milovan\u00e1 st\u00e1le nesmrteln\u00e1 krajka. Pokud nejste romantik, ale \u201evesel\u00e1 kopa\u201c, pak zvolte pr\u00e1dlo s vtipn\u00fdm potiskem. Srd\u00ed\u010dka, pusinky, and\u00edlci, nebo dokonce lechtiv\u00e9 obr\u00e1zky jsou o sv\u00e1tku v\u0161ech zamilovan\u00fdch rozhodn\u011b na m\u00edst\u011b.A co barvy? K Valent\u00fdnu, l\u00e1sce a v\u00e1\u0161ni samoz\u0159ejm\u011b pat\u0159\u00ed smysln\u00e1 rud\u00e1, pro romantick\u00e9 du\u0161e jemn\u00e1 r\u016f\u017eov\u00e1, nebo sametov\u011b b\u00edl\u00e1. Pokud V\u00e1m tyto barvy p\u0159ipadaj\u00ed jako a\u017e moc velk\u00e9 kli\u0161\u00e9 a rozhodnete se improvizovat, zvolte t\u0159eba pr\u00e1dlo v barv\u011b \u0161ampa\u0148sk\u00e9ho, kter\u00e9 vypad\u00e1 luxusn\u011b. Chcete-li vyzkou\u0161et n\u011bco \u00fapln\u011b nov\u00e9ho, pak vsa\u010fte na\u00a0 tyrkysovou, kter\u00e1 je opravdu neokoukan\u00e1, ale hodn\u011b zaj\u00edmav\u00e1 barva.\u00a0 Rozhodn\u011b v\u0161ak nic nepokaz\u00edte pr\u00e1dlem v klasick\u00e9 \u010dern\u00e9, kter\u00e9 slu\u0161\u00ed ka\u017ed\u00e9mu.A\u0165 u\u017e se rozhodnete pro jakoukoli barvu, krajku, nebo jin\u00fd materi\u00e1l, d\u016fraz bychom v\u0161ak rozhodn\u011b m\u011bly kl\u00e1st na kvalitu. Vy\u0161\u0161\u00ed cena se V\u00e1m v tomto p\u0159\u00edpad\u011b rozhodn\u011b vyplat\u00ed. A samoz\u0159ejm\u011b myslete na to, aby pr\u00e1dlo v\u017edy perfektn\u011b sed\u011blo a bylo n\u00e1m maxim\u00e1ln\u011b pohodln\u00e9.                                                                                                                                                                                                                                                                                                                                                                                        4.4\/5 - (5 votes)        "},{"@context":"https:\/\/schema.org\/","@type":"BreadcrumbList","itemListElement":[{"@type":"ListItem","position":1,"name":"Zamilovan\u00e1 m\u00f3da aneb Valent\u00fdn se bl\u00ed\u017e\u00ed\u2026","item":"https:\/\/www.zijesjenjednou.cz\/zamilovana-moda-aneb-valentyn-se-blizi\/#breadcrumbitem"}]}]