{"@context":"https:\/\/schema.org\/","@type":"CollectionPage","@id":"https:\/\/www.zijesjenjednou.cz\/web\/#CollectionPage","headline":"Web Category","description":"","url":"https:\/\/www.zijesjenjednou.cz\/web\/","hasPart":[{"@type":"Article","@id":"https:\/\/www.zijesjenjednou.cz\/pritazlivy-web\/","headline":"P\u0159ita\u017eliv\u00fd web!","url":"https:\/\/www.zijesjenjednou.cz\/pritazlivy-web\/","datePublished":"2025-03-06","dateModified":"2023-04-28","mainEntityOfPage":"https:\/\/www.zijesjenjednou.cz\/pritazlivy-web\/","author":{"@type":"Person","@id":"https:\/\/www.zijesjenjednou.cz\/author\/#Person","name":"zijesjenjednou.cz\n","url":"https:\/\/www.zijesjenjednou.cz\/author\/","identifier":1,"image":{"@type":"ImageObject","@id":"https:\/\/secure.gravatar.com\/avatar\/f7320ca526354d2794ceb75173050bfa147af8617816df401a16569341b5fbaf?s=96&d=mm&r=g","url":"https:\/\/secure.gravatar.com\/avatar\/f7320ca526354d2794ceb75173050bfa147af8617816df401a16569341b5fbaf?s=96&d=mm&r=g","height":96,"width":96}},"publisher":{"@type":"Organization","name":"zijesjenjednou.cz","logo":{"@type":"ImageObject","@id":"\/logo.png","url":"\/logo.png","width":600,"height":60}},"image":{"@type":"ImageObject","@id":"https:\/\/www.zijesjenjednou.cz\/wp-content\/uploads\/img_a295328_w1750_t1506777725.jpg","url":"https:\/\/www.zijesjenjednou.cz\/wp-content\/uploads\/img_a295328_w1750_t1506777725.jpg","height":0,"width":0},"keywords":null},{"@type":"Article","@id":"https:\/\/www.zijesjenjednou.cz\/k-webovym-strankam-nepotrebujeme-vlastni-server\/","headline":"K webov\u00fdm str\u00e1nk\u00e1m nepot\u0159ebujeme vlastn\u00ed server","url":"https:\/\/www.zijesjenjednou.cz\/k-webovym-strankam-nepotrebujeme-vlastni-server\/","datePublished":"2025-03-05","dateModified":"2023-04-28","mainEntityOfPage":"https:\/\/www.zijesjenjednou.cz\/k-webovym-strankam-nepotrebujeme-vlastni-server\/","author":{"@type":"Person","@id":"https:\/\/www.zijesjenjednou.cz\/author\/#Person","name":"zijesjenjednou.cz\n","url":"https:\/\/www.zijesjenjednou.cz\/author\/","identifier":1,"image":{"@type":"ImageObject","@id":"https:\/\/secure.gravatar.com\/avatar\/f7320ca526354d2794ceb75173050bfa147af8617816df401a16569341b5fbaf?s=96&d=mm&r=g","url":"https:\/\/secure.gravatar.com\/avatar\/f7320ca526354d2794ceb75173050bfa147af8617816df401a16569341b5fbaf?s=96&d=mm&r=g","height":96,"width":96}},"publisher":{"@type":"Organization","name":"zijesjenjednou.cz","logo":{"@type":"ImageObject","@id":"\/logo.png","url":"\/logo.png","width":600,"height":60}},"image":{"@type":"ImageObject","@id":"https:\/\/www.zijesjenjednou.cz\/wp-content\/uploads\/img_a327041_w1750_t1539248681.jpg","url":"https:\/\/www.zijesjenjednou.cz\/wp-content\/uploads\/img_a327041_w1750_t1539248681.jpg","height":0,"width":0},"keywords":null},{"@type":"Article","@id":"https:\/\/www.zijesjenjednou.cz\/zadat-nekomu-tvorbu-textu-na-web\/","headline":"Zadat n\u011bkomu tvorbu text\u016f na web?","url":"https:\/\/www.zijesjenjednou.cz\/zadat-nekomu-tvorbu-textu-na-web\/","datePublished":"2025-03-04","dateModified":"2023-04-28","mainEntityOfPage":"https:\/\/www.zijesjenjednou.cz\/zadat-nekomu-tvorbu-textu-na-web\/","author":{"@type":"Person","@id":"https:\/\/www.zijesjenjednou.cz\/author\/#Person","name":"zijesjenjednou.cz\n","url":"https:\/\/www.zijesjenjednou.cz\/author\/","identifier":1,"image":{"@type":"ImageObject","@id":"https:\/\/secure.gravatar.com\/avatar\/f7320ca526354d2794ceb75173050bfa147af8617816df401a16569341b5fbaf?s=96&d=mm&r=g","url":"https:\/\/secure.gravatar.com\/avatar\/f7320ca526354d2794ceb75173050bfa147af8617816df401a16569341b5fbaf?s=96&d=mm&r=g","height":96,"width":96}},"publisher":{"@type":"Organization","name":"zijesjenjednou.cz","logo":{"@type":"ImageObject","@id":"\/logo.png","url":"\/logo.png","width":600,"height":60}},"image":{"@type":"ImageObject","@id":"https:\/\/www.zijesjenjednou.cz\/wp-content\/uploads\/img_a295326_w1750_t1506777620.jpg","url":"https:\/\/www.zijesjenjednou.cz\/wp-content\/uploads\/img_a295326_w1750_t1506777620.jpg","height":0,"width":0},"keywords":null},{"@type":"Article","@id":"https:\/\/www.zijesjenjednou.cz\/nove-procesory-amd\/","headline":"Nov\u00e9 procesory AMD","url":"https:\/\/www.zijesjenjednou.cz\/nove-procesory-amd\/","datePublished":"2025-03-04","dateModified":"2023-04-27","mainEntityOfPage":"https:\/\/www.zijesjenjednou.cz\/nove-procesory-amd\/","author":{"@type":"Person","@id":"https:\/\/www.zijesjenjednou.cz\/author\/#Person","name":"zijesjenjednou.cz\n","url":"https:\/\/www.zijesjenjednou.cz\/author\/","identifier":1,"image":{"@type":"ImageObject","@id":"https:\/\/secure.gravatar.com\/avatar\/f7320ca526354d2794ceb75173050bfa147af8617816df401a16569341b5fbaf?s=96&d=mm&r=g","url":"https:\/\/secure.gravatar.com\/avatar\/f7320ca526354d2794ceb75173050bfa147af8617816df401a16569341b5fbaf?s=96&d=mm&r=g","height":96,"width":96}},"publisher":{"@type":"Organization","name":"zijesjenjednou.cz","logo":{"@type":"ImageObject","@id":"\/logo.png","url":"\/logo.png","width":600,"height":60}},"image":{"@type":"ImageObject","@id":"https:\/\/www.zijesjenjednou.cz\/wp-content\/uploads\/img_a303259_w1750_t1513545620.jpg","url":"https:\/\/www.zijesjenjednou.cz\/wp-content\/uploads\/img_a303259_w1750_t1513545620.jpg","height":0,"width":0},"keywords":null},{"@type":"Article","@id":"https:\/\/www.zijesjenjednou.cz\/je-dobre-mit-vlastni-domenu\/","headline":"Je dobr\u00e9 m\u00edt vlastn\u00ed dom\u00e9nu","url":"https:\/\/www.zijesjenjednou.cz\/je-dobre-mit-vlastni-domenu\/","datePublished":"2025-03-03","dateModified":"2023-04-28","mainEntityOfPage":"https:\/\/www.zijesjenjednou.cz\/je-dobre-mit-vlastni-domenu\/","author":{"@type":"Person","@id":"https:\/\/www.zijesjenjednou.cz\/author\/#Person","name":"zijesjenjednou.cz\n","url":"https:\/\/www.zijesjenjednou.cz\/author\/","identifier":1,"image":{"@type":"ImageObject","@id":"https:\/\/secure.gravatar.com\/avatar\/f7320ca526354d2794ceb75173050bfa147af8617816df401a16569341b5fbaf?s=96&d=mm&r=g","url":"https:\/\/secure.gravatar.com\/avatar\/f7320ca526354d2794ceb75173050bfa147af8617816df401a16569341b5fbaf?s=96&d=mm&r=g","height":96,"width":96}},"publisher":{"@type":"Organization","name":"zijesjenjednou.cz","logo":{"@type":"ImageObject","@id":"\/logo.png","url":"\/logo.png","width":600,"height":60}},"image":{"@type":"ImageObject","@id":"https:\/\/www.zijesjenjednou.cz\/wp-content\/uploads\/img_a295330_w1750_t1506777827.jpg","url":"https:\/\/www.zijesjenjednou.cz\/wp-content\/uploads\/img_a295330_w1750_t1506777827.jpg","height":0,"width":0},"keywords":null},{"@type":"Article","@id":"https:\/\/www.zijesjenjednou.cz\/nevyzadanou-postou-kterou-lze-oznacit-jako-spam-se-mladi-lide-temer-nezabyvaji\/","headline":"Nevy\u017e\u00e1danou po\u0161tou, kterou lze ozna\u010dit jako spam, se mlad\u00ed lid\u00e9 t\u00e9m\u011b\u0159 nezab\u00fdvaj\u00ed","url":"https:\/\/www.zijesjenjednou.cz\/nevyzadanou-postou-kterou-lze-oznacit-jako-spam-se-mladi-lide-temer-nezabyvaji\/","datePublished":"2025-03-02","dateModified":"2023-04-28","mainEntityOfPage":"https:\/\/www.zijesjenjednou.cz\/nevyzadanou-postou-kterou-lze-oznacit-jako-spam-se-mladi-lide-temer-nezabyvaji\/","author":{"@type":"Person","@id":"https:\/\/www.zijesjenjednou.cz\/author\/#Person","name":"zijesjenjednou.cz\n","url":"https:\/\/www.zijesjenjednou.cz\/author\/","identifier":1,"image":{"@type":"ImageObject","@id":"https:\/\/secure.gravatar.com\/avatar\/f7320ca526354d2794ceb75173050bfa147af8617816df401a16569341b5fbaf?s=96&d=mm&r=g","url":"https:\/\/secure.gravatar.com\/avatar\/f7320ca526354d2794ceb75173050bfa147af8617816df401a16569341b5fbaf?s=96&d=mm&r=g","height":96,"width":96}},"publisher":{"@type":"Organization","name":"zijesjenjednou.cz","logo":{"@type":"ImageObject","@id":"\/logo.png","url":"\/logo.png","width":600,"height":60}},"image":{"@type":"ImageObject","@id":"https:\/\/www.zijesjenjednou.cz\/wp-content\/uploads\/img_a309507_w1750_t1520462432.jpg","url":"https:\/\/www.zijesjenjednou.cz\/wp-content\/uploads\/img_a309507_w1750_t1520462432.jpg","height":0,"width":0},"keywords":null},{"@type":"Article","@id":"https:\/\/www.zijesjenjednou.cz\/kvalitni-klicenky-na-krk\/","headline":"Kvalitn\u00ed kl\u00ed\u010denky na krk","url":"https:\/\/www.zijesjenjednou.cz\/kvalitni-klicenky-na-krk\/","datePublished":"2024-08-05","dateModified":"2024-08-05","mainEntityOfPage":"https:\/\/www.zijesjenjednou.cz\/kvalitni-klicenky-na-krk\/","author":{"@type":"Person","@id":"https:\/\/www.zijesjenjednou.cz\/author\/#Person","name":"zijesjenjednou.cz\n","url":"https:\/\/www.zijesjenjednou.cz\/author\/","identifier":1,"image":{"@type":"ImageObject","@id":"https:\/\/secure.gravatar.com\/avatar\/f7320ca526354d2794ceb75173050bfa147af8617816df401a16569341b5fbaf?s=96&d=mm&r=g","url":"https:\/\/secure.gravatar.com\/avatar\/f7320ca526354d2794ceb75173050bfa147af8617816df401a16569341b5fbaf?s=96&d=mm&r=g","height":96,"width":96}},"publisher":{"@type":"Organization","name":"zijesjenjednou.cz","logo":{"@type":"ImageObject","@id":"\/logo.png","url":"\/logo.png","width":600,"height":60}},"image":{"@type":"ImageObject","@id":"https:\/\/www.zijesjenjednou.cz\/wp-content\/uploads\/peace-7074853_640_2.jpg","url":"https:\/\/www.zijesjenjednou.cz\/wp-content\/uploads\/peace-7074853_640_2.jpg","height":0,"width":0},"keywords":null},{"@type":"Article","@id":"https:\/\/www.zijesjenjednou.cz\/chranme-si-soukromi\/","headline":"Chra\u0148me si soukrom\u00ed","url":"https:\/\/www.zijesjenjednou.cz\/chranme-si-soukromi\/","datePublished":"2023-04-27","dateModified":"2023-04-27","mainEntityOfPage":"https:\/\/www.zijesjenjednou.cz\/chranme-si-soukromi\/","author":{"@type":"Person","@id":"https:\/\/www.zijesjenjednou.cz\/author\/#Person","name":"zijesjenjednou.cz\n","url":"https:\/\/www.zijesjenjednou.cz\/author\/","identifier":1,"image":{"@type":"ImageObject","@id":"https:\/\/secure.gravatar.com\/avatar\/f7320ca526354d2794ceb75173050bfa147af8617816df401a16569341b5fbaf?s=96&d=mm&r=g","url":"https:\/\/secure.gravatar.com\/avatar\/f7320ca526354d2794ceb75173050bfa147af8617816df401a16569341b5fbaf?s=96&d=mm&r=g","height":96,"width":96}},"publisher":{"@type":"Organization","name":"zijesjenjednou.cz","logo":{"@type":"ImageObject","@id":"\/logo.png","url":"\/logo.png","width":600,"height":60}},"image":null,"keywords":null},{"@type":"Article","@id":"https:\/\/www.zijesjenjednou.cz\/elektrikar-v-praze-5-stodulky-muze-provest-i-celkovou-rekonstrukci-elektroinstalace\/","headline":"Elektrik\u00e1\u0159 v Praze 5 Stod\u016flky m\u016f\u017ee prov\u00e9st i celkovou rekonstrukci elektroinstalace","url":"https:\/\/www.zijesjenjednou.cz\/elektrikar-v-praze-5-stodulky-muze-provest-i-celkovou-rekonstrukci-elektroinstalace\/","datePublished":"2023-03-19","dateModified":"2024-03-15","mainEntityOfPage":"https:\/\/www.zijesjenjednou.cz\/elektrikar-v-praze-5-stodulky-muze-provest-i-celkovou-rekonstrukci-elektroinstalace\/","author":{"@type":"Person","@id":"https:\/\/www.zijesjenjednou.cz\/author\/#Person","name":"zijesjenjednou.cz\n","url":"https:\/\/www.zijesjenjednou.cz\/author\/","identifier":1,"image":{"@type":"ImageObject","@id":"https:\/\/secure.gravatar.com\/avatar\/f7320ca526354d2794ceb75173050bfa147af8617816df401a16569341b5fbaf?s=96&d=mm&r=g","url":"https:\/\/secure.gravatar.com\/avatar\/f7320ca526354d2794ceb75173050bfa147af8617816df401a16569341b5fbaf?s=96&d=mm&r=g","height":96,"width":96}},"publisher":{"@type":"Organization","name":"zijesjenjednou.cz","logo":{"@type":"ImageObject","@id":"\/logo.png","url":"\/logo.png","width":600,"height":60}},"image":{"@type":"ImageObject","@id":"https:\/\/www.zijesjenjednou.cz\/wp-content\/uploads\/electrician-g8fe08c690_640.jpg","url":"https:\/\/www.zijesjenjednou.cz\/wp-content\/uploads\/electrician-g8fe08c690_640.jpg","height":0,"width":0},"keywords":null},{"@type":"Article","@id":"https:\/\/www.zijesjenjednou.cz\/s-internetem-jsme-si-blize\/","headline":"S internetem jsme si bl\u00ed\u017ee","url":"https:\/\/www.zijesjenjednou.cz\/s-internetem-jsme-si-blize\/","datePublished":"2018-09-13","dateModified":"2023-04-28","mainEntityOfPage":"https:\/\/www.zijesjenjednou.cz\/s-internetem-jsme-si-blize\/","author":{"@type":"Person","@id":"https:\/\/www.zijesjenjednou.cz\/author\/#Person","name":"zijesjenjednou.cz\n","url":"https:\/\/www.zijesjenjednou.cz\/author\/","identifier":1,"image":{"@type":"ImageObject","@id":"https:\/\/secure.gravatar.com\/avatar\/f7320ca526354d2794ceb75173050bfa147af8617816df401a16569341b5fbaf?s=96&d=mm&r=g","url":"https:\/\/secure.gravatar.com\/avatar\/f7320ca526354d2794ceb75173050bfa147af8617816df401a16569341b5fbaf?s=96&d=mm&r=g","height":96,"width":96}},"publisher":{"@type":"Organization","name":"zijesjenjednou.cz","logo":{"@type":"ImageObject","@id":"\/logo.png","url":"\/logo.png","width":600,"height":60}},"image":{"@type":"ImageObject","@id":"https:\/\/www.zijesjenjednou.cz\/wp-content\/uploads\/img_a326113_w1750_t1538230574.png","url":"https:\/\/www.zijesjenjednou.cz\/wp-content\/uploads\/img_a326113_w1750_t1538230574.png","height":0,"width":0},"keywords":null}]}