[{"@context":"https:\/\/schema.org\/","@type":"Article","@id":"https:\/\/www.zijesjenjednou.cz\/vicebarevne-obrazy\/#Article","mainEntityOfPage":"https:\/\/www.zijesjenjednou.cz\/vicebarevne-obrazy\/","headline":"V\u00edcebarevn\u00e9 obrazy","name":"V\u00edcebarevn\u00e9 obrazy","description":"Nem\u00e1te obl\u00edbenou jednu barvu, ale p\u0159esto byste cht\u011bli m\u00edt doma netradi\u010dn\u00ed obraz? \u010casto m\u011bn\u00ed vzhled pokoj\u016f a hled\u00e1te obraz, kter\u00fd by se hodil ke ka\u017ed\u00e9 barv\u011b interi\u00e9ru? Pak pr\u00e1v\u011b pro V\u00e1s m\u00e1me p\u0159ichystan\u00e9 v\u00edcebarevn\u00e9 obrazy na st\u011bnu, kter\u00e9 se vyzna\u010duj\u00ed pr\u00e1v\u011b svou univerz\u00e1lnost\u00ed. U v\u011bt\u0161\u00edch form\u00e1t\u016f je nutn\u00e9 po\u010d\u00edtat, \u017ee pr\u00e1v\u011b obraz bude dominantou interi\u00e9ru...","datePublished":"2024-11-30","dateModified":"2024-11-30","author":{"@type":"Person","@id":"https:\/\/www.zijesjenjednou.cz\/author\/#Person","name":"zijesjenjednou.cz\n","url":"https:\/\/www.zijesjenjednou.cz\/author\/","identifier":1,"image":{"@type":"ImageObject","@id":"https:\/\/secure.gravatar.com\/avatar\/f7320ca526354d2794ceb75173050bfa147af8617816df401a16569341b5fbaf?s=96&d=mm&r=g","url":"https:\/\/secure.gravatar.com\/avatar\/f7320ca526354d2794ceb75173050bfa147af8617816df401a16569341b5fbaf?s=96&d=mm&r=g","height":96,"width":96}},"publisher":{"@type":"Organization","name":"zijesjenjednou.cz","logo":{"@type":"ImageObject","@id":"\/logo.png","url":"\/logo.png","width":600,"height":60}},"url":"https:\/\/www.zijesjenjednou.cz\/vicebarevne-obrazy\/","wordCount":209,"articleBody":"Nem\u00e1te obl\u00edbenou jednu barvu, ale p\u0159esto byste cht\u011bli m\u00edt doma netradi\u010dn\u00ed obraz? \u010casto m\u011bn\u00ed vzhled pokoj\u016f a hled\u00e1te obraz, kter\u00fd by se hodil ke ka\u017ed\u00e9 barv\u011b interi\u00e9ru? Pak pr\u00e1v\u011b pro V\u00e1s m\u00e1me p\u0159ichystan\u00e9 v\u00edcebarevn\u00e9 obrazy na st\u011bnu, kter\u00e9 se vyzna\u010duj\u00ed pr\u00e1v\u011b svou univerz\u00e1lnost\u00ed. U v\u011bt\u0161\u00edch form\u00e1t\u016f je nutn\u00e9 po\u010d\u00edtat, \u017ee pr\u00e1v\u011b obraz bude dominantou interi\u00e9ru a v\u0161ichni n\u00e1v\u0161t\u011bvn\u00edci ho budou obdivovat. Sta\u010d\u00ed u\u017e jen vybrat ten spr\u00e1vn\u00fd motiv a velikost a m\u016f\u017eete se za\u010d\u00edt kochat. Zelen\u00e1 barva M\u00e1te-li r\u00e1di p\u0159\u00edrodu, pak je jist\u011b jednou z Va\u0161ich obl\u00edben\u00fdch barev barva zelen\u00e1. I v takov\u00e9 barv\u011b nab\u00edz\u00edme obrazy na st\u011bnu. Hod\u00ed se do pracoven, studoven \u010di kancel\u00e1\u0159\u00ed, proto\u017ee podporuje koncentraci a my\u0161len\u00ed. Jej\u00ed tmav\u0161\u00ed odst\u00edny nav\u00edc vzbuzuj\u00ed dojem seri\u00f3znosti a to je velice d\u016fle\u017eit\u00e1 slo\u017eka u obchodn\u00edch jedn\u00e1n\u00ed. V nab\u00eddce m\u00e1me celou \u0159adu odst\u00edn\u016f zelen\u00e9, r\u016fzn\u00fdch motiv\u016f a variant obraz\u016f, \u017ee si ur\u010dit\u011b vyberete ten prav\u00fd pr\u00e1v\u011b pro V\u00e1s.                                                                                                                                                                                                                                                                                                                                                                                        4\/5 - (2 votes)        "},{"@context":"https:\/\/schema.org\/","@type":"BreadcrumbList","itemListElement":[{"@type":"ListItem","position":1,"name":"V\u00edcebarevn\u00e9 obrazy","item":"https:\/\/www.zijesjenjednou.cz\/vicebarevne-obrazy\/#breadcrumbitem"}]}]