[{"@context":"https:\/\/schema.org\/","@type":"Article","@id":"https:\/\/www.zijesjenjednou.cz\/terasa-by-u-domu-chybet-nemela\/#Article","mainEntityOfPage":"https:\/\/www.zijesjenjednou.cz\/terasa-by-u-domu-chybet-nemela\/","headline":"Terasa by u domu chyb\u011bt nem\u011bla!","name":"Terasa by u domu chyb\u011bt nem\u011bla!","description":"Stav\u00edte d\u016fm? V tom p\u0159\u00edpad\u011b dob\u0159e zva\u017ete, zda by se v\u00e1m nevyplatilo, kdybyste svou stavbu roz\u0161\u00ed\u0159ili nav\u00edc i o praktickou terasu. Jedn\u00e1 se o prostor, kter\u00fd je dokonale propojen\u00fd s domem, a p\u0159itom je pod \u0161ir\u00fdm nebem, anebo minim\u00e1ln\u011b na \u010derstv\u00e9m vzduchu v p\u0159\u00edpad\u011b, kdy se rozhodnete pro jeho zast\u0159e\u0161en\u00ed. Nav\u00edc, i zast\u0159e\u0161en\u00ed m\u016f\u017ee b\u00fdt...","datePublished":"2019-07-18","dateModified":"2023-04-28","author":{"@type":"Person","@id":"https:\/\/www.zijesjenjednou.cz\/author\/#Person","name":"zijesjenjednou.cz\n","url":"https:\/\/www.zijesjenjednou.cz\/author\/","identifier":1,"image":{"@type":"ImageObject","@id":"https:\/\/secure.gravatar.com\/avatar\/f7320ca526354d2794ceb75173050bfa147af8617816df401a16569341b5fbaf?s=96&d=mm&r=g","url":"https:\/\/secure.gravatar.com\/avatar\/f7320ca526354d2794ceb75173050bfa147af8617816df401a16569341b5fbaf?s=96&d=mm&r=g","height":96,"width":96}},"publisher":{"@type":"Organization","name":"zijesjenjednou.cz","logo":{"@type":"ImageObject","@id":"\/logo.png","url":"\/logo.png","width":600,"height":60}},"image":{"@type":"ImageObject","@id":"https:\/\/www.zijesjenjednou.cz\/wp-content\/uploads\/img_a359958_w1750_t1573845343.jpg","url":"https:\/\/www.zijesjenjednou.cz\/wp-content\/uploads\/img_a359958_w1750_t1573845343.jpg","height":0,"width":0},"url":"https:\/\/www.zijesjenjednou.cz\/terasa-by-u-domu-chybet-nemela\/","about":["N\u00e1kupy"],"wordCount":420,"articleBody":"      Stav\u00edte d\u016fm? V tom p\u0159\u00edpad\u011b dob\u0159e zva\u017ete, zda by se v\u00e1m nevyplatilo, kdybyste svou stavbu roz\u0161\u00ed\u0159ili nav\u00edc i o praktickou terasu. Jedn\u00e1 se o prostor, kter\u00fd je dokonale propojen\u00fd s domem, a p\u0159itom je pod \u0161ir\u00fdm nebem, anebo minim\u00e1ln\u011b na \u010derstv\u00e9m vzduchu v p\u0159\u00edpad\u011b, kdy se rozhodnete pro jeho zast\u0159e\u0161en\u00ed. Nav\u00edc, i zast\u0159e\u0161en\u00ed m\u016f\u017ee b\u00fdt trval\u00e9 anebo takov\u00e9, kter\u00e9 budete moci stahovat a nap\u00ednat dle pot\u0159eby. A pokud pl\u00e1nujete u sv\u00e9ho domu baz\u00e9n, pak v\u00e1m takov\u00e1 terasa p\u0159ijde n\u011bkolikr\u00e1t vhod. M\u016f\u017eete ji vyrobit z mnoha r\u016fzn\u00fdch materi\u00e1l\u016f, a\u0165 u\u017e bude jej\u00ed povrch pouze provizorn\u00ed betonov\u00fd, opat\u0159en\u00fd dla\u017ebou anebo vyroben\u00fd ze d\u0159eva. Pr\u00e1v\u011b d\u0159evo m\u00e1 mnoho skv\u011bl\u00fdch p\u0159ednost\u00ed, jeliko\u017e se jedn\u00e1 o p\u0159\u00edrodn\u00ed materi\u00e1l, kter\u00fd skv\u011ble vypad\u00e1, a to jak ve spojen\u00ed s klasick\u00fdm anebo historick\u00fdm proveden\u00edm stavby, tak ve spojen\u00ed s modern\u00edm pojet\u00edm. Nav\u00edc je spolehliv\u00e9 a na dotek tepl\u00e9. A nelze zapom\u00ednat ani na jeho p\u0159\u00edznivou po\u0159izovac\u00ed cenu. Jestli\u017ee se rozhodnete vyu\u017e\u00edt terasov\u00e1 prkna , m\u016f\u017eete vyb\u00edrat z mnoha druh\u016f d\u0159eva, od dom\u00e1c\u00edch druh\u016f d\u0159evin a\u017e po tropick\u00e9 materi\u00e1ly. Pr\u00e1v\u011b tropick\u00e9 d\u0159eviny jsou aktu\u00e1ln\u011b velice m\u00f3dn\u00ed, ov\u0161em jejich v\u00fdhody jsou diskutabiln\u00ed. Jednozna\u010dn\u011b se jedn\u00e1 o kvalitn\u00ed velmi tvrd\u00e9 d\u0159evo, ov\u0161em je ot\u00e1zkou, jak dlouho si sv\u00e9 p\u0159ednosti dok\u00e1\u017ee udr\u017eet. Vzhledem k tomu, \u017ee poch\u00e1z\u00ed z d\u0159evin navykl\u00fdch na velmi tepl\u00e9 a velice vlhk\u00e9 klima, m\u016f\u017ee b\u00fdt pro n\u011bj zm\u011bna prost\u0159ed\u00ed naprosto kl\u00ed\u010dov\u00fdm probl\u00e9mem. V na\u0161ich podm\u00ednk\u00e1ch tropick\u00e9 d\u0159evo vysych\u00e1, prask\u00e1 a krout\u00ed se vlivem such\u00e9ho l\u00e9ta a mraziv\u00e9 zimy. Pakli\u017ee hled\u00e1te takov\u00e1 prkna, kter\u00e1 budou dr\u017eet sv\u016fj tvar a mnoho vydr\u017e\u00ed, pak s\u00e1hn\u011bte po na\u0161ich dom\u00e1c\u00edch evropsk\u00fdch anebo sibi\u0159sk\u00fdch d\u0159evin\u00e1ch jako je sibi\u0159sk\u00fd mod\u0159\u00edn anebo seversk\u00e1 borovice. A kdy\u017e u\u017e jsme u kvalitn\u00edch materi\u00e1l\u016f, pak nesm\u00edte zapomenout ani na nerezov\u00e9 speci\u00e1ln\u00ed vruty a dobrou povrchovou \u00fapravu. Ov\u0161em kdy\u017e pr\u00e1ci sv\u011b\u0159\u00edte odborn\u00edk\u016fm, nebudete muset na nic myslet a v\u00fdsledek bude dokonal\u00fd!                                                                                                                                                                                                                                                                                                                                                                                          4\/5 - (2 votes)        "},{"@context":"https:\/\/schema.org\/","@type":"BreadcrumbList","itemListElement":[{"@type":"ListItem","position":1,"name":"Terasa by u domu chyb\u011bt nem\u011bla!","item":"https:\/\/www.zijesjenjednou.cz\/terasa-by-u-domu-chybet-nemela\/#breadcrumbitem"}]}]