[{"@context":"https:\/\/schema.org\/","@type":"Article","@id":"https:\/\/www.zijesjenjednou.cz\/ruzne-motivy\/#Article","mainEntityOfPage":"https:\/\/www.zijesjenjednou.cz\/ruzne-motivy\/","headline":"R\u016fzn\u00e9 motivy","name":"R\u016fzn\u00e9 motivy","description":"Kobercev\u0161ech mo\u017en\u00fdch motiv\u016f zaru\u010duj\u00ed to, \u017ee si vybere opravdu ka\u017ed\u00fd. Ka\u017ed\u00fd d\u016fm je jin\u00fd a pot\u0159ebuje jin\u00e9 bytov\u00e9 dopl\u0148ky. Pr\u00e1v\u011b na to jsme brali ohled a vytvo\u0159ili jsme pro v\u00e1s opravdu \u0161irokou nab\u00eddku, ze kter\u00e9 si vybere ka\u017ed\u00fd. Ji\u017e se nemus\u00edte p\u0159izp\u016fsobovat tomu, co m\u00e1 ka\u017ed\u00fd. Vy si m\u016f\u017eete vybrat origin\u00e1l, p\u0159esn\u011b takov\u00fd, kter\u00fd se...","datePublished":"2024-12-11","dateModified":"2024-12-11","author":{"@type":"Person","@id":"https:\/\/www.zijesjenjednou.cz\/author\/#Person","name":"zijesjenjednou.cz\n","url":"https:\/\/www.zijesjenjednou.cz\/author\/","identifier":1,"image":{"@type":"ImageObject","@id":"https:\/\/secure.gravatar.com\/avatar\/f7320ca526354d2794ceb75173050bfa147af8617816df401a16569341b5fbaf?s=96&d=mm&r=g","url":"https:\/\/secure.gravatar.com\/avatar\/f7320ca526354d2794ceb75173050bfa147af8617816df401a16569341b5fbaf?s=96&d=mm&r=g","height":96,"width":96}},"publisher":{"@type":"Organization","name":"zijesjenjednou.cz","logo":{"@type":"ImageObject","@id":"\/logo.png","url":"\/logo.png","width":600,"height":60}},"url":"https:\/\/www.zijesjenjednou.cz\/ruzne-motivy\/","wordCount":184,"articleBody":"Kobercev\u0161ech mo\u017en\u00fdch motiv\u016f zaru\u010duj\u00ed to, \u017ee si vybere opravdu ka\u017ed\u00fd. Ka\u017ed\u00fd d\u016fm je jin\u00fd a pot\u0159ebuje jin\u00e9 bytov\u00e9 dopl\u0148ky. Pr\u00e1v\u011b na to jsme brali ohled a vytvo\u0159ili jsme pro v\u00e1s opravdu \u0161irokou nab\u00eddku, ze kter\u00e9 si vybere ka\u017ed\u00fd. Ji\u017e se nemus\u00edte p\u0159izp\u016fsobovat tomu, co m\u00e1 ka\u017ed\u00fd. Vy si m\u016f\u017eete vybrat origin\u00e1l, p\u0159esn\u011b takov\u00fd, kter\u00fd se nejl\u00e9pe hod\u00ed pr\u00e1v\u011b k v\u00e1m dom\u016f. Zajist\u00edte si tak, \u017ee v\u0161echno bude k sob\u011b hezky ladit. Ji\u017e \u017e\u00e1dn\u00e9 stereotypy ani tuctov\u00e9 nab\u00eddky pro v\u0161echny. My pro v\u00e1s m\u00e1me \u0161irokou a skv\u011blou nab\u00eddku, ze kter\u00e9 budete nad\u0161en\u00ed. Ide\u00e1l do ka\u017ed\u00e9 dom\u00e1cnosti D\u00edky na\u0161\u00ed \u0161irok\u00e9 nab\u00eddce si vyberete ten nejide\u00e1ln\u011bj\u0161\u00ed typ i k v\u00e1m. V\u00e1\u0161 d\u016fm \u010di byt dopln\u00ed koberce t\u00e9 nejvy\u0161\u0161\u00ed kvality. Z \u0161irok\u00e9ho spektra, kter\u00e9 nab\u00edz\u00edme, si vyberete i vy! Dodejte va\u0161emu domu \u010di bytu nov\u00fd a origin\u00e1ln\u00ed n\u00e1dech.                                                                                                                                                                                                                                                                                                                                                                                        3.5\/5 - (2 votes)        "},{"@context":"https:\/\/schema.org\/","@type":"BreadcrumbList","itemListElement":[{"@type":"ListItem","position":1,"name":"R\u016fzn\u00e9 motivy","item":"https:\/\/www.zijesjenjednou.cz\/ruzne-motivy\/#breadcrumbitem"}]}]