[{"@context":"https:\/\/schema.org\/","@type":"Article","@id":"https:\/\/www.zijesjenjednou.cz\/nove-procesory-amd\/#Article","mainEntityOfPage":"https:\/\/www.zijesjenjednou.cz\/nove-procesory-amd\/","headline":"Nov\u00e9 procesory AMD","name":"Nov\u00e9 procesory AMD","description":"Tyto procesory budou nejl\u00e9pe pracovat ve v\u00edce j\u00e1drech. Stejn\u011b jako jejich star\u0161\u00ed (no star\u0161\u00ed) brat\u0159\u00ed\u010dci, kte\u0159\u00ed m\u011bli na trhu dosti zna\u010dn\u00fd pod\u00edl, a i dost velk\u00fd \u00fasp\u011bch. Budou to nov\u00ed \u010dlenov\u00e9 rodiny Ryzen pod po\u0159adov\u00fdmi \u010d\u00edsly t\u0159i, p\u011bt a sedm. Ale co je asi hlavn\u00ed, budou vyr\u00e1b\u011bny technologi\u00ed 12nm (12LP, GlobalFoundries). Co to znamen\u00e1? Ihned...","datePublished":"2025-03-04","dateModified":"2023-04-27","author":{"@type":"Person","@id":"https:\/\/www.zijesjenjednou.cz\/author\/#Person","name":"zijesjenjednou.cz\n","url":"https:\/\/www.zijesjenjednou.cz\/author\/","identifier":1,"image":{"@type":"ImageObject","@id":"https:\/\/secure.gravatar.com\/avatar\/f7320ca526354d2794ceb75173050bfa147af8617816df401a16569341b5fbaf?s=96&d=mm&r=g","url":"https:\/\/secure.gravatar.com\/avatar\/f7320ca526354d2794ceb75173050bfa147af8617816df401a16569341b5fbaf?s=96&d=mm&r=g","height":96,"width":96}},"publisher":{"@type":"Organization","name":"zijesjenjednou.cz","logo":{"@type":"ImageObject","@id":"\/logo.png","url":"\/logo.png","width":600,"height":60}},"image":{"@type":"ImageObject","@id":"https:\/\/www.zijesjenjednou.cz\/wp-content\/uploads\/img_a303259_w1750_t1513545620.jpg","url":"https:\/\/www.zijesjenjednou.cz\/wp-content\/uploads\/img_a303259_w1750_t1513545620.jpg","height":0,"width":0},"url":"https:\/\/www.zijesjenjednou.cz\/nove-procesory-amd\/","about":["Web"],"wordCount":424,"articleBody":"Tyto procesory budou nejl\u00e9pe pracovat ve v\u00edce j\u00e1drech. Stejn\u011b jako jejich star\u0161\u00ed (no star\u0161\u00ed) brat\u0159\u00ed\u010dci, kte\u0159\u00ed m\u011bli na trhu dosti zna\u010dn\u00fd pod\u00edl, a i dost velk\u00fd \u00fasp\u011bch. Budou to nov\u00ed \u010dlenov\u00e9 rodiny Ryzen pod po\u0159adov\u00fdmi \u010d\u00edsly t\u0159i, p\u011bt a sedm. Ale co je asi hlavn\u00ed, budou vyr\u00e1b\u011bny technologi\u00ed 12nm (12LP, GlobalFoundries). Co to znamen\u00e1? Ihned stru\u010dn\u011b vysv\u011btl\u00edm.Je\u0161t\u011b p\u0159ed rokem 1990 se vyr\u00e1b\u011bly \u010dipy s\u00a0vyu\u017eit\u00edm mikrometrov\u00fdch technologi\u00ed. Jestli\u017ee nyn\u00ed ud\u00e1v\u00e1me \u010dipy (pota\u017emo procesory) v\u00a0nanometrech, je ka\u017ed\u00e9mu, kdo zn\u00e1 jen z\u00e1klady matematiky, jasn\u00e9 kam \u017ee se to v\u00fdroba pohnula, ale hlavn\u011b jak\u00fd se ud\u011blal skok. Pokud z\u00e1klady nem\u00e1te, musel bych to vysv\u011btlovat jinak, ale na to zde nen\u00ed m\u00edsto. Ale prost\u011b si to zkuste p\u0159edstavit, jako vzd\u00e1lenost dvou prvk\u016f na \u010dipu. Pr\u00e1v\u011b d\u00edky t\u011bmto pokro\u010dil\u00fdm technologi\u00edm lze na malou plochu vt\u011bsn\u00e1vat v\u00edce a v\u00edce tranzistor\u016f, lze li to tak napsat, a \u010dipy budou st\u00e1le rychlej\u0161\u00ed a rychlej\u0161\u00ed.V\u0161echny v\u00fd\u0161e zm\u00edn\u011bn\u00e9 procesory budou osmij\u00e1drov\u00e9 a jejich frekvence se vyhoupne a\u017e ke \u010dty\u0159em gigahertz\u016fm. Hovo\u0159\u00ed se o \u010d\u00edsle 4,4. Sockety z\u016fst\u00e1vaj\u00ed p\u016fvodn\u00ed AM4. Podporovat budou v\u00a0sou\u010dasn\u00e9 dob\u011b klasickou pam\u011b\u0165 DDR 4. A mimochodem, n\u011bkde se uv\u00e1d\u00ed, \u017ee procesory p\u016fjdou p\u0159etaktovat na je\u0161t\u011b vy\u0161\u0161\u00ed v\u00fdkon.\u00dadajn\u011b p\u016fjdou nasadit i na star\u0161\u00ed desky (co\u017e se mi moc nezd\u00e1, ale asi m\u011bl AMD p\u0159esn\u011bji ur\u010dit, jak star\u00e9 desky mysl\u00ed). Pak jen upravit BIOS a juch\u016f\u016f\u016f\u016f.S\u00a0nov\u00fdmi procesory by se m\u011bly snad objevit i nov\u00e9 \u010dipsety \u0159ady 400. Jist\u011b bude z\u00e1jem i o n\u011b.Vid\u00edme, \u017ee sou\u010dasn\u00fd v\u00fdvoj n\u00e1m d\u00e1v\u00e1 sledovat \u201ev\u00e1lku\u201c mezi AMD, Nvidou, a Intelem o sv\u00e9ho koncov\u00e9ho z\u00e1kazn\u00edka. Nehledal jsem procenta, kdo kolik prod\u00e1v\u00e1, ale pokud v\u00e1s tato informace zaj\u00edm\u00e1, jist\u011b si ji najdete. Za chv\u00edli ji\u017e na p\u011bkn\u011b svi\u0161t\u00edc\u00edm po\u010d\u00edta\u010di s\u00a0rychlej\u0161\u00edmi komponenty.P\u0159esto a\u017e budete st\u00e1t v\u00a0b\u0159eznu p\u0159\u00ed\u0161t\u00edho roku ve front\u011b na nov\u00fd procesor, nebo cokoli jin\u00e9ho, v\u011bzte, \u017ee kdy\u017e si donesete koupenou v\u011bc dom\u016f, pro v\u00fdrobce ji\u017e bude zastaral\u00e1 a bude ji\u017e m\u00edt vyvinutou dal\u0161\u00ed novinku.                                                                                                                                                                                                                                                                                                                                                                                        4.7\/5 - (11 votes)        "},{"@context":"https:\/\/schema.org\/","@type":"BreadcrumbList","itemListElement":[{"@type":"ListItem","position":1,"name":"Nov\u00e9 procesory AMD","item":"https:\/\/www.zijesjenjednou.cz\/nove-procesory-amd\/#breadcrumbitem"}]}]