[{"@context":"https:\/\/schema.org\/","@type":"Article","@id":"https:\/\/www.zijesjenjednou.cz\/nez-zacnete-zarizovat-dobre-si-promyslete-jak-chcete-bydlet\/#Article","mainEntityOfPage":"https:\/\/www.zijesjenjednou.cz\/nez-zacnete-zarizovat-dobre-si-promyslete-jak-chcete-bydlet\/","headline":"Ne\u017e za\u010dnete za\u0159izovat, dob\u0159e si promyslete, jak chcete bydlet","name":"Ne\u017e za\u010dnete za\u0159izovat, dob\u0159e si promyslete, jak chcete bydlet","description":"Pokud pr\u00e1v\u011b zva\u017eujete, jak co nejl\u00e9pe za\u0159\u00eddit interi\u00e9r va\u0161eho nov\u00e9ho do http:\/\/byznys.lidovky.cz\/sklapeni-sedacek-v-letadle-nejvetsi-zdroj-konfliktu-co-kdyby-se-za-to-platilo-1wh-\/doprava.aspx%3Fc%3DA170602_173232_ln-doprava_pavemu \u010di bytu, tak je dobr\u00e9 si na za\u010d\u00e1tku cel\u00e9ho procesu dob\u0159e promyslet n\u011bkolik z\u00e1sadn\u00edch bod\u016f. A jedn\u00edm z nich je, v jak\u00e9m stylu si budete cht\u00edt interi\u00e9r za\u0159\u00eddit. V dne\u0161n\u00ed dob\u011b u\u017e m\u00e1lokdo za\u0159izuje sv\u016fj byt t\u00edm, co n\u011bkomu jin\u00e9mu p\u0159eb\u00fdv\u00e1, a co...","datePublished":"2018-01-16","dateModified":"2023-04-28","author":{"@type":"Person","@id":"https:\/\/www.zijesjenjednou.cz\/author\/#Person","name":"zijesjenjednou.cz\n","url":"https:\/\/www.zijesjenjednou.cz\/author\/","identifier":1,"image":{"@type":"ImageObject","@id":"https:\/\/secure.gravatar.com\/avatar\/f7320ca526354d2794ceb75173050bfa147af8617816df401a16569341b5fbaf?s=96&d=mm&r=g","url":"https:\/\/secure.gravatar.com\/avatar\/f7320ca526354d2794ceb75173050bfa147af8617816df401a16569341b5fbaf?s=96&d=mm&r=g","height":96,"width":96}},"publisher":{"@type":"Organization","name":"zijesjenjednou.cz","logo":{"@type":"ImageObject","@id":"\/logo.png","url":"\/logo.png","width":600,"height":60}},"image":{"@type":"ImageObject","@id":"https:\/\/www.zijesjenjednou.cz\/wp-content\/uploads\/img_a309487_w1966_t1520430408.jpg","url":"https:\/\/www.zijesjenjednou.cz\/wp-content\/uploads\/img_a309487_w1966_t1520430408.jpg","height":0,"width":0},"url":"https:\/\/www.zijesjenjednou.cz\/nez-zacnete-zarizovat-dobre-si-promyslete-jak-chcete-bydlet\/","about":["Bydlen\u00ed"],"wordCount":440,"articleBody":"Pokud pr\u00e1v\u011b zva\u017eujete, jak co nejl\u00e9pe za\u0159\u00eddit interi\u00e9r va\u0161eho nov\u00e9ho do http:\/\/byznys.lidovky.cz\/sklapeni-sedacek-v-letadle-nejvetsi-zdroj-konfliktu-co-kdyby-se-za-to-platilo-1wh-\/doprava.aspx%3Fc%3DA170602_173232_ln-doprava_pavemu \u010di bytu, tak je dobr\u00e9 si na za\u010d\u00e1tku cel\u00e9ho procesu dob\u0159e promyslet n\u011bkolik z\u00e1sadn\u00edch bod\u016f. A jedn\u00edm z nich je, v jak\u00e9m stylu si budete cht\u00edt interi\u00e9r za\u0159\u00eddit. V dne\u0161n\u00ed dob\u011b u\u017e m\u00e1lokdo za\u0159izuje sv\u016fj byt t\u00edm, co n\u011bkomu jin\u00e9mu p\u0159eb\u00fdv\u00e1, a co kde se\u017eene za nejlep\u0161\u00ed cenu. Takov\u00fdch lid\u00ed u\u017e je opravdu jen hrstka. V m\u00f3d\u011b jsou nyn\u00ed dokonale slad\u011bn\u00e9 interi\u00e9ry, kter\u00e9 jsou dokonce vylad\u011bn\u00e9 do posledn\u00edho detailu, tak aby n\u00e1bytek a dekorace tvo\u0159ily dokonal\u00fd harmonick\u00fd celek. Tak\u017ee je jasn\u00e9, \u017ee dnes u\u017e si nikdo nevyb\u00edr\u00e1 n\u00e1bytek jen podle ceny, ale hlavn\u011b podle toho, v jak\u00e9m stylu sv\u016fj interi\u00e9r za\u0159izuje.  A to byste si m\u011bli dob\u0159e rozv\u00e1\u017eit i vy. Zva\u017ete, zda preferujete sp\u00ed\u0161e rustik\u00e1ln\u00ed anebo modern\u00ed styl, zda chcete m\u00edt interi\u00e9r slad\u011bn\u00fd do n\u011bjak\u00e9 konkr\u00e9tn\u00ed obl\u00edben\u00e9 barvy anebo zda tou\u017e\u00edte po n\u011b\u010dem naprosto jin\u00e9m. Sto lid\u00ed, sto chut\u00ed. A podle toho, jak si odpov\u00edte na tuto z\u00e1sadn\u00ed ot\u00e1zku pak m\u016f\u017eete za\u010d\u00edt nakupovat a za\u0159izovat sv\u016fj byt. T\u0159eba do modern\u00edch interi\u00e9r\u016f se velice hod\u00ed ko\u017een\u00e9 sedac\u00ed soupravy, kter\u00e9 se mohou st\u00e1t st\u0159edobodem cel\u00e9 m\u00edstnosti a dodat j\u00ed skute\u010dn\u00fd punc luxusu. V kategorii ko\u017een\u00fdch seda\u010dek pak m\u016f\u017eete vyb\u00edrat jak z men\u0161\u00edch, tak z v\u011bt\u0161\u00edch model\u016f, do kter\u00fdch s rezervou usad\u00edte celou va\u0161i rodinu, k dispozici jsou i seda\u010dky s pol\u0161t\u00e1\u0159i anebo s propracovan\u00fdmi op\u011bradly. A d\u016fkazem toho, \u017ee luxus si dob\u0159e rozum\u00ed i s prakti\u010dnost\u00ed je to, \u017ee ko\u017een\u00e9 sedac\u00ed soupravy se\u017eenete i s prostorn\u00fdmi \u00falo\u017en\u00fdmi prostorami anebo v rozkl\u00e1dac\u00edm proveden\u00ed. Nic v\u00e1m tedy nebr\u00e1n\u00ed vyu\u017e\u00edt prostor, kter\u00fd budou zab\u00edrat, opravdu na maximum.  Naopak klasicky \u010di rustik\u00e1ln\u011b za\u0159\u00edzen\u00e9 interi\u00e9ry si budou sp\u00ed\u0161e l\u00e9pe rozum\u011bt s klasick\u00fdmi seda\u010dkami s l\u00e1tkov\u00fdmi potahy, kter\u00e9 cel\u00fd prostor z\u00fatuln\u00ed a budete se v n\u011bm c\u00edtit jako v pokoj\u00ed\u010dku. Z\u00e1le\u017e\u00ed tedy na ka\u017ed\u00e9m z n\u00e1s, co preferuje a jak chce bydlet.                                                                                                                                                                                                                                                                                                                                                                                         3\/5 - (1 vote)        "},{"@context":"https:\/\/schema.org\/","@type":"BreadcrumbList","itemListElement":[{"@type":"ListItem","position":1,"name":"Ne\u017e za\u010dnete za\u0159izovat, dob\u0159e si promyslete, jak chcete bydlet","item":"https:\/\/www.zijesjenjednou.cz\/nez-zacnete-zarizovat-dobre-si-promyslete-jak-chcete-bydlet\/#breadcrumbitem"}]}]