[{"@context":"https:\/\/schema.org\/","@type":"Article","@id":"https:\/\/www.zijesjenjednou.cz\/na-podzim-samet-od-hlavy-az-k-pate\/#Article","mainEntityOfPage":"https:\/\/www.zijesjenjednou.cz\/na-podzim-samet-od-hlavy-az-k-pate\/","headline":"Na podzim samet od hlavy a\u017e k pat\u011b","name":"Na podzim samet od hlavy a\u017e k pat\u011b","description":"Tento p\u0159epychov\u00fd materi\u00e1l bude hr\u00e1t v p\u0159\u00ed\u0161t\u00ed sezon\u011b prim. Je m\u011bkk\u00fd, p\u0159\u00edjemn\u00fd a na podzim skv\u011ble zah\u0159eje. To snad prob\u011bhne nov\u00e1 sametov\u00e1 revoluce. Bude to sp\u00ed\u0161e renesance. N\u00e1vrat k materi\u00e1lu, kter\u00fd se po letech dostal na v\u00fdslun\u00ed m\u00f3dn\u00edho sv\u011bta. Dostal se na oble\u010den\u00ed, kabelky, boty i \u010depice. Modern\u00ed pojet\u00ed sametu je zcela jin\u00e9, ne\u017e ho...","datePublished":"2023-04-27","dateModified":"2023-04-27","author":{"@type":"Person","@id":"https:\/\/www.zijesjenjednou.cz\/author\/#Person","name":"zijesjenjednou.cz\n","url":"https:\/\/www.zijesjenjednou.cz\/author\/","identifier":1,"image":{"@type":"ImageObject","@id":"https:\/\/secure.gravatar.com\/avatar\/f7320ca526354d2794ceb75173050bfa147af8617816df401a16569341b5fbaf?s=96&d=mm&r=g","url":"https:\/\/secure.gravatar.com\/avatar\/f7320ca526354d2794ceb75173050bfa147af8617816df401a16569341b5fbaf?s=96&d=mm&r=g","height":96,"width":96}},"publisher":{"@type":"Organization","name":"zijesjenjednou.cz","logo":{"@type":"ImageObject","@id":"\/logo.png","url":"\/logo.png","width":600,"height":60}},"url":"https:\/\/www.zijesjenjednou.cz\/na-podzim-samet-od-hlavy-az-k-pate\/","about":["M\u00f3da"],"wordCount":418,"articleBody":"Tento p\u0159epychov\u00fd materi\u00e1l bude hr\u00e1t v p\u0159\u00ed\u0161t\u00ed sezon\u011b prim. Je m\u011bkk\u00fd, p\u0159\u00edjemn\u00fd a na podzim skv\u011ble zah\u0159eje. To snad prob\u011bhne nov\u00e1 sametov\u00e1 revoluce. Bude to sp\u00ed\u0161e renesance. N\u00e1vrat k materi\u00e1lu, kter\u00fd se po letech dostal na v\u00fdslun\u00ed m\u00f3dn\u00edho sv\u011bta. Dostal se na oble\u010den\u00ed, kabelky, boty i \u010depice. Modern\u00ed pojet\u00ed sametu je zcela jin\u00e9, ne\u017e ho pamatujeme z minula a pokud budeme v\u011bd\u011bt, jak na to, poda\u0159\u00ed se n\u00e1m ho zkombinovat do denn\u00edho looku.\tNa zimu pro\u0161\u00edvanou bundu!Jestli m\u00e1te n\u011bkde ve sk\u0159\u00edni schovanou pro\u0161\u00edvanou p\u00e9\u0159ovou bundu, kterou nos\u00edte jenom na hory? Mo\u017en\u00e1 je na\u010dase ji vyt\u00e1hnout Puffa je in! Nau\u010d\u00edme v\u00e1s, jak tenhle m\u00f3dn\u00ed kousek nosit. Nejv\u011bt\u0161\u00ed m\u00f3dn\u00ed domy se za\u010daly p\u0159edh\u00e1n\u011bt v nab\u00eddce pro\u0161\u00edvan\u00fdch p\u00e9\u0159ov\u00fdch bund. Modelky je p\u0159edv\u00e1d\u011bj\u00ed na v\u0161ech v\u00fdznamn\u00fdch molech sv\u011bta. A to dlouho p\u00e9\u0159ovky v m\u00f3dn\u00edm sv\u011bte obl\u00edbeny nebyly. Vyvol\u00e1valy pocit, \u017ee kdo je nos\u00ed ve m\u011bst\u011b nem\u00e1 dostatek stylu. A \u017ee je l\u00edn\u00fd. Nyn\u00ed je ov\u0161em v\u0161echno jinak. Nejpohodln\u011bj\u0161\u00ed trend t\u00e9to zimy je na sv\u011bt\u011b. A ur\u010dit\u011b si ho zamiluj\u00ed v\u0161echny zimom\u0159ivky, kter\u00e9 se kone\u010dn\u011b zah\u0159ej\u00ed.\tA do spole\u010dnosti v plisovan\u00e9 sukniSkl\u00e1dan\u00e1 l\u00e1tka vypad\u00e1 skv\u011ble a hod\u00ed se i do spole\u010dnosti. Chcete ji tak\u00e9 vyzkou\u0161et? Delik\u00e1tn\u011b skl\u00e1danou l\u00e1tku proslavil v roce 1993 japonsk\u00fd n\u00e1vrh\u00e1\u0159. Nyn\u00ed se znovu objevuje ve v\u0161ech aktu\u00e1ln\u00edch kolekc\u00edch. Nos\u00ed se na midi sukn\u00edch spolu se svetry a kab\u00e1ty, na topech a ko\u0161il\u00edch. Nebo je m\u016f\u017eete nosit na voln\u00fdchplisovan\u00fdch kalhot\u00e1ch. A zde jsou d\u016fvody, pro\u010d m\u00e1teplise za\u0159adit do \u0161atn\u00edku i vy:\u2022 dok\u00e1\u017ee ka\u017ed\u00e9 oble\u010den\u00ed pov\u00fd\u0161it a i jinak zcela oby\u010dejn\u00e9 kombinaci dod\u00e1 na eleganci\u2022 nepoma\u010dk\u00e1 se v\u00e1m b\u011bhem dne, a pokud ano, nebude to vid\u011bt\u2022 nepohodl\u00ed se nemus\u00edte b\u00e1t, voln\u00e9 skl\u00e1dan\u00e9 kousky jsou super z\u00e1le\u017eitost\u00ed\u2022 um\u00ed b\u00fdt nen\u00e1padn\u00e9 i extravagantn\u00ed, je jen na v\u00e1s, jestli zvol\u00edte metalick\u00fd odst\u00edn a maxi sukni nebo \u010dern\u00e9 kalhoty \u2013 plisov\u00e1n\u00ed vypad\u00e1 dob\u0159e na v\u0161em.                                                                                                                                                                                                                                                                                                                                                                                        4.2\/5 - (6 votes)        "},{"@context":"https:\/\/schema.org\/","@type":"BreadcrumbList","itemListElement":[{"@type":"ListItem","position":1,"name":"Na podzim samet od hlavy a\u017e k pat\u011b","item":"https:\/\/www.zijesjenjednou.cz\/na-podzim-samet-od-hlavy-az-k-pate\/#breadcrumbitem"}]}]