[{"@context":"https:\/\/schema.org\/","@type":"Article","@id":"https:\/\/www.zijesjenjednou.cz\/meli-by-se-mladi-oblekat-spolecensky-a-od-jakeho-veku\/#Article","mainEntityOfPage":"https:\/\/www.zijesjenjednou.cz\/meli-by-se-mladi-oblekat-spolecensky-a-od-jakeho-veku\/","headline":"M\u011bli by se mlad\u00ed obl\u00e9kat spole\u010densky? A od jak\u00e9ho v\u011bku?","name":"M\u011bli by se mlad\u00ed obl\u00e9kat spole\u010densky? A od jak\u00e9ho v\u011bku?","description":"Kdo je mlad\u00fd duchem, je mlad\u00fd i t\u011blem, z\u00e1konit\u011b. Ov\u0161em je fakt, \u017ee ne v ka\u017ed\u00e9m v\u011bku se hod\u00ed tepl\u00e1ky a tri\u010dko, by\u0165 pro\u010d by ne, \u017ee ano? Jsou tu dv\u011b roviny. Rovina A = d\u011bdo, vy na to m\u00e1te v\u011bk, vy se obl\u00e9kejte, jak chcete Rovina B = star\u0161\u00ed \u010dlov\u011bk u\u017e by m\u011bl m\u00edt...","datePublished":"2019-09-19","dateModified":"2023-04-28","author":{"@type":"Person","@id":"https:\/\/www.zijesjenjednou.cz\/author\/#Person","name":"zijesjenjednou.cz\n","url":"https:\/\/www.zijesjenjednou.cz\/author\/","identifier":1,"image":{"@type":"ImageObject","@id":"https:\/\/secure.gravatar.com\/avatar\/f7320ca526354d2794ceb75173050bfa147af8617816df401a16569341b5fbaf?s=96&d=mm&r=g","url":"https:\/\/secure.gravatar.com\/avatar\/f7320ca526354d2794ceb75173050bfa147af8617816df401a16569341b5fbaf?s=96&d=mm&r=g","height":96,"width":96}},"publisher":{"@type":"Organization","name":"zijesjenjednou.cz","logo":{"@type":"ImageObject","@id":"\/logo.png","url":"\/logo.png","width":600,"height":60}},"image":{"@type":"ImageObject","@id":"https:\/\/www.zijesjenjednou.cz\/wp-content\/uploads\/img_a366670_w1750_t1579350911.jpg","url":"https:\/\/www.zijesjenjednou.cz\/wp-content\/uploads\/img_a366670_w1750_t1579350911.jpg","height":0,"width":0},"url":"https:\/\/www.zijesjenjednou.cz\/meli-by-se-mladi-oblekat-spolecensky-a-od-jakeho-veku\/","about":["Mu\u017ei"],"wordCount":462,"articleBody":"       Kdo je mlad\u00fd duchem, je mlad\u00fd i t\u011blem, z\u00e1konit\u011b. Ov\u0161em je fakt, \u017ee ne v ka\u017ed\u00e9m v\u011bku se hod\u00ed tepl\u00e1ky a tri\u010dko, by\u0165 pro\u010d by ne, \u017ee ano? Jsou tu dv\u011b roviny.  Rovina A = d\u011bdo, vy na to m\u00e1te v\u011bk, vy se obl\u00e9kejte, jak chcete Rovina B = star\u0161\u00ed \u010dlov\u011bk u\u017e by m\u011bl m\u00edt rozum a m\u011bl by se obl\u00e9kat dle v\u011bku  U star\u0161\u00edho \u010dlov\u011bka v\u011bt\u0161inou p\u0159ev\u00e1\u017e\u00ed rovina B, tedy \u017ee spole\u010densk\u00fd n\u00e1tlak na star\u0161\u00edho \u010dlov\u011bka je prost\u011b tak velk\u00fd, \u017ee se podvol\u00ed a vezme si spole\u010densk\u00fd od\u011bv, by\u0165 to star\u0161\u00ed \u010dlov\u011bk ani jako tlak nepoci\u0165uje, proto\u017ee d\u0159\u00edve byl tento tlak v\u0161udyp\u0159\u00edtomn\u00fd, i u mlad\u0161\u00ed generace. Dnes to ale chyb\u00ed, z velk\u00e9 \u010d\u00e1sti, a mlad\u00ed lid\u00e9 se tak ocitaj\u00ed na jak\u00e9msi scest\u00ed, kdy jim cel\u00fd \u017eivot v\u0161ichni \u0159\u00edkaj\u00ed, \u017ee se m\u016f\u017eou st\u00e1t k\u00fdmkoliv a obl\u00e9kat, jak cht\u011bj\u00ed, ale najednou naraz\u00ed na spole\u010densk\u00e9 normy a pravidla, kter\u00e1 od nich o\u010dek\u00e1vaj\u00ed jistou m\u00edru spole\u010densk\u00e9 t\u0159\u00eddy. A nav\u00edc se k tomu v\u0161emu oble\u010den\u00ed pro mlad\u00e9 mu\u017ee https:\/\/www.onlinechlap.cz\/moda-a-styl\/ neust\u00e1le m\u011bn\u00ed.  A te\u010f co? Mlad\u00fd \u010dlov\u011bk to nem\u00e1 v dne\u0161n\u00edm sv\u011bt\u011b jednoduch\u00e9. P\u0159\u00edli\u0161 mnoho informac\u00ed, p\u0159\u00edli\u0161 mnoho vliv\u016f a p\u0159\u00edli\u0161 mnoho mo\u017enost\u00ed. Bezesporu jsou tu tak\u00e9 dv\u011b roviny. Pokud bychom m\u011bli poradit mlad\u00e9mu \u010dlov\u011bku jedno, tak a\u0165 si s t\u00edm zbyte\u010dn\u011b nel\u00e1me hlavu. Ale je bezesporu fakt, \u017ee neust\u00e1le je tu ten spole\u010densk\u00fd tlak a vlastn\u00ed individu\u00e1ln\u00ed pohnutka k ur\u010dit\u00e9mu druhu obl\u00e9k\u00e1n\u00ed. Rovina A = u\u017e nikdy nebudu mlad\u0161\u00ed, obl\u00e9knu se tak, jak chci, pak nebudu moci Rovina B = u\u017e jsem dostate\u010dn\u011b star\u00fd na to, abych v\u011bd\u011bl, jak se obl\u00e9kat Zd\u00e1nliv\u00e9 \u0159e\u0161en\u00ed? Dnes se \u010dlov\u011bk m\u016f\u017ee obl\u00e9ci p\u011bkn\u011b a z\u00e1rove\u0148 pohodln\u011b, je to jenom o tom ud\u011blat si ten \u010das, d\u00e1t si tu pr\u00e1ci a zaj\u00edt do obchodu, porozhl\u00e9dnout se a nakoupit to, co se hod\u00ed. N\u011bkter\u00e9 kousky oble\u010den\u00ed je lep\u0161\u00ed nechat doma, t\u0159eba ty tepl\u00e1ky by se mohly na oslav\u00e1ch omezit. Ale zase na jednu srandu, pokud jdete n\u011bkde do knajpy na kraj m\u011bsta, tak tam opravdu na od\u011bv br\u00e1t ohledy nemus\u00edte. Tak\u017ee odli\u0161ujte ud\u00e1lost a situaci a jinak si d\u011blejte, co jen chcete. Hlavn\u011b se neohl\u00ed\u017eejte na druh\u00e9, v\u017edycky n\u011bkoho pohor\u0161\u00edte.                                                                                                                                                                                                                                                                                                                                                                                           4.7\/5 - (4 votes)        "},{"@context":"https:\/\/schema.org\/","@type":"BreadcrumbList","itemListElement":[{"@type":"ListItem","position":1,"name":"M\u011bli by se mlad\u00ed obl\u00e9kat spole\u010densky? A od jak\u00e9ho v\u011bku?","item":"https:\/\/www.zijesjenjednou.cz\/meli-by-se-mladi-oblekat-spolecensky-a-od-jakeho-veku\/#breadcrumbitem"}]}]