[{"@context":"https:\/\/schema.org\/","@type":"Article","@id":"https:\/\/www.zijesjenjednou.cz\/kdo-by-rad-uklizel\/#Article","mainEntityOfPage":"https:\/\/www.zijesjenjednou.cz\/kdo-by-rad-uklizel\/","headline":"Kdo by r\u00e1d ukl\u00edzel?","name":"Kdo by r\u00e1d ukl\u00edzel?","description":"Je u\u017e takov\u00e1 tradice, \u017ee ne\u017e za\u010dnou V\u00e1noce, mus\u00ed se zvl\u00e1dnout p\u0159edv\u00e1no\u010dn\u00ed \u00faklid. Tak to chod\u00ed u\u017e dlouho. A d\u011bl\u00e1me to tak i my, kdo v\u00edme, \u017ee Je\u017e\u00ed\u0161ek neexistuje a my ho tak nem\u016f\u017eeme odpudit t\u00edm, \u017ee nebude n\u00e1\u0161 p\u0159\u00edbytek dokonal\u00fd. Jen\u017ee se n\u00e1m do toho v\u011bt\u0161inou zase a\u017e tak moc nechce. Mu\u017e\u0161t\u00ed to d\u00e1vaj\u00ed...","datePublished":"2019-11-19","dateModified":"2023-04-28","author":{"@type":"Person","@id":"https:\/\/www.zijesjenjednou.cz\/author\/#Person","name":"zijesjenjednou.cz\n","url":"https:\/\/www.zijesjenjednou.cz\/author\/","identifier":1,"image":{"@type":"ImageObject","@id":"https:\/\/secure.gravatar.com\/avatar\/f7320ca526354d2794ceb75173050bfa147af8617816df401a16569341b5fbaf?s=96&d=mm&r=g","url":"https:\/\/secure.gravatar.com\/avatar\/f7320ca526354d2794ceb75173050bfa147af8617816df401a16569341b5fbaf?s=96&d=mm&r=g","height":96,"width":96}},"publisher":{"@type":"Organization","name":"zijesjenjednou.cz","logo":{"@type":"ImageObject","@id":"\/logo.png","url":"\/logo.png","width":600,"height":60}},"image":{"@type":"ImageObject","@id":"https:\/\/www.zijesjenjednou.cz\/wp-content\/uploads\/img_a363974_w1750_t1576651650.jpg","url":"https:\/\/www.zijesjenjednou.cz\/wp-content\/uploads\/img_a363974_w1750_t1576651650.jpg","height":0,"width":0},"url":"https:\/\/www.zijesjenjednou.cz\/kdo-by-rad-uklizel\/","about":["Bydlen\u00ed"],"wordCount":411,"articleBody":"       Je u\u017e takov\u00e1 tradice, \u017ee ne\u017e za\u010dnou V\u00e1noce, mus\u00ed se zvl\u00e1dnout p\u0159edv\u00e1no\u010dn\u00ed \u00faklid. Tak to chod\u00ed u\u017e dlouho. A d\u011bl\u00e1me to tak i my, kdo v\u00edme, \u017ee Je\u017e\u00ed\u0161ek neexistuje a my ho tak nem\u016f\u017eeme odpudit t\u00edm, \u017ee nebude n\u00e1\u0161 p\u0159\u00edbytek dokonal\u00fd. Jen\u017ee se n\u00e1m do toho v\u011bt\u0161inou zase a\u017e tak moc nechce. Mu\u017e\u0161t\u00ed to d\u00e1vaj\u00ed najevo neskr\u00fdvan\u011b. A ruku na srdce \u2013  ani i my hospody\u0148ky z toho nejsme zrovna odv\u00e1zan\u00e9. Jen\u017ee tradice je tradice, a tak zamet\u00e1me, vyt\u00edr\u00e1me, luxujeme, ut\u00edr\u00e1me prach, le\u0161t\u00edme dla\u017ebu, drhneme koupelnu, myjeme okna, zkr\u00e1tka d\u011bl\u00e1me v\u0161echno pro to, aby to u n\u00e1s p\u0159ed sv\u00e1tky dob\u0159e vypadalo.  A potom p\u0159ijdou V\u00e1noce a my se kone\u010dn\u011b m\u016f\u017eeme na chv\u00edli rozvalit u strome\u010dku nebo televize. A odpo\u010dinout si po tom marat\u00f3nu. Kter\u00fd \u010dasto zavin\u00ed, \u017ee pro n\u00e1s ani za\u010d\u00e1tek sv\u00e1tk\u016f nen\u00ed kr\u00e1sn\u00fd, proto\u017ee se z toho \u0161\u00edlenstv\u00ed nap\u0159ed mus\u00edme vzpamatovat. Jen\u017ee domov mus\u00ed b\u00fdt p\u0159ed sv\u00e1tky uklizen\u00fd v\u00edc, ne\u017e kdykoliv jindy, mus\u00ed b\u00fdt perfektn\u00ed. Te\u010dka.  Ale u\u017e jsou mezi n\u00e1mi i lidi, kte\u0159\u00ed na to vyzr\u00e1li. Kte\u0159\u00ed dodr\u017euj\u00ed tradici p\u0159edv\u00e1no\u010dn\u00edho \u00faklidu a p\u0159itom z toho nejsou ani trochu vy\u010derpan\u00ed nebo otr\u00e1ven\u00ed. Mezi takov\u00e9 pat\u0159\u00ed t\u0159eba ti, kdo s\u00e1zej\u00ed na \u00faklid bytu Praha 5. Tady si toti\u017e m\u016f\u017ee ka\u017ed\u00fd z Prahy a okol\u00ed sjednat \u00faklid. A to nejen p\u0159edv\u00e1no\u010dn\u00ed, ale klidn\u011b i celoro\u010dn\u00ed, a nejen u sebe doma, ale klidn\u011b i v cel\u00e9m dom\u011b, kancel\u00e1\u0159i nebo kancel\u00e1\u0159sk\u00e9 budov\u011b. Sta\u010d\u00ed se tady dohodnout na podrobnostech, na tom, co z\u00e1kazn\u00edk od t\u00e9hle firmy o\u010dek\u00e1v\u00e1, a jako by se stalo. Uklid\u00ed za kohokoliv kdekoliv v Praze 4, 5, 6, 8, 9 a 10, v Beroun\u011b nebo Bene\u0161ov\u011b. A t\u0159eba za \u010dlov\u011bka i vy\u017eehl\u00ed, umyj\u00ed okna, odklid\u00ed sn\u00edh. Kter\u00fdkoliv den, pracovn\u00ed i sv\u00e1te\u010dn\u00ed, jsou tu pro ka\u017ed\u00e9ho z n\u00e1s. T\u0159eba i pro ty, kdo cht\u011bj\u00ed m\u00edt na V\u00e1noce perfektn\u011b uklizeno, ale necht\u011bj\u00ed si ukl\u00edzen\u00edm pokazit nadch\u00e1zej\u00edc\u00ed nejkr\u00e1sn\u011bj\u0161\u00ed sv\u00e1tky v roce.                                                                                                                                                                                                                                                                                                                                                                                           4.2\/5 - (5 votes)        "},{"@context":"https:\/\/schema.org\/","@type":"BreadcrumbList","itemListElement":[{"@type":"ListItem","position":1,"name":"Kdo by r\u00e1d ukl\u00edzel?","item":"https:\/\/www.zijesjenjednou.cz\/kdo-by-rad-uklizel\/#breadcrumbitem"}]}]