[{"@context":"https:\/\/schema.org\/","@type":"Article","@id":"https:\/\/www.zijesjenjednou.cz\/je-cas-nakoupit-vanocni-dekorace\/#Article","mainEntityOfPage":"https:\/\/www.zijesjenjednou.cz\/je-cas-nakoupit-vanocni-dekorace\/","headline":"Je \u010das nakoupit v\u00e1no\u010dn\u00ed dekorace","name":"Je \u010das nakoupit v\u00e1no\u010dn\u00ed dekorace","description":"V\u00e1noce u\u017e jsou opravdu za dve\u0159mi. S v\u00e1no\u010dn\u00edm \u00faklidem p\u0159ich\u00e1z\u00ed tak\u00e9 v\u00e1no\u010dn\u00ed v\u00fdzdoba nejen va\u0161ich oken, ale cel\u00e9ho interi\u00e9ru va\u0161eho domova. A proto je nejvy\u0161\u0161\u00ed \u010das nav\u0161t\u00edvit v\u00e1\u0161 obl\u00edben\u00fd obchod, kde najdete celou \u0159adu v\u00e1no\u010dn\u00edch dekorac\u00ed. Nutn\u00e9 je tak\u00e9 promyslet si, do jak\u00fdch barev leto\u0161n\u00ed V\u00e1noce zbarv\u00edte, proto\u017ee dekorace jsou na pultech prodejen snad ve...","datePublished":"2023-04-27","dateModified":"2023-04-27","author":{"@type":"Person","@id":"https:\/\/www.zijesjenjednou.cz\/author\/#Person","name":"zijesjenjednou.cz\n","url":"https:\/\/www.zijesjenjednou.cz\/author\/","identifier":1,"image":{"@type":"ImageObject","@id":"https:\/\/secure.gravatar.com\/avatar\/f7320ca526354d2794ceb75173050bfa147af8617816df401a16569341b5fbaf?s=96&d=mm&r=g","url":"https:\/\/secure.gravatar.com\/avatar\/f7320ca526354d2794ceb75173050bfa147af8617816df401a16569341b5fbaf?s=96&d=mm&r=g","height":96,"width":96}},"publisher":{"@type":"Organization","name":"zijesjenjednou.cz","logo":{"@type":"ImageObject","@id":"\/logo.png","url":"\/logo.png","width":600,"height":60}},"url":"https:\/\/www.zijesjenjednou.cz\/je-cas-nakoupit-vanocni-dekorace\/","about":["N\u00e1kupy"],"wordCount":415,"articleBody":"V\u00e1noce u\u017e jsou opravdu za dve\u0159mi. S v\u00e1no\u010dn\u00edm \u00faklidem p\u0159ich\u00e1z\u00ed tak\u00e9 v\u00e1no\u010dn\u00ed v\u00fdzdoba nejen va\u0161ich oken, ale cel\u00e9ho interi\u00e9ru va\u0161eho domova. A proto je nejvy\u0161\u0161\u00ed \u010das nav\u0161t\u00edvit v\u00e1\u0161 obl\u00edben\u00fd obchod, kde najdete celou \u0159adu v\u00e1no\u010dn\u00edch dekorac\u00ed. Nutn\u00e9 je tak\u00e9 promyslet si, do jak\u00fdch barev leto\u0161n\u00ed V\u00e1noce zbarv\u00edte, proto\u017ee dekorace jsou na pultech prodejen snad ve v\u0161ech odst\u00ednech barev, kter\u00e9 si jen dok\u00e1\u017eete p\u0159edstavit.\u00a0\tA co v\u0161e vytvo\u0159\u00ed tu spr\u00e1vnou atmosf\u00e9ru?Z\u00e1kladn\u00edm znakem V\u00e1noc je adventn\u00ed v\u011bnec, jmel\u00ed a sv\u00ed\u010dky. Co se t\u00fd\u010de mo\u017enost\u00ed, jak\u00fdm zp\u016fsobem si adventn\u00ed v\u011bnec obstarat, m\u00e1te na v\u00fdb\u011br. V\u0161echna kv\u011btin\u00e1\u0159stv\u00ed v dostate\u010dn\u00e9m p\u0159edstihu nab\u00edzej\u00ed nejen r\u016fzn\u00e9 barevn\u00e9 odst\u00edny, ale i tvary adventn\u00edch v\u011bnc\u016f, kter\u00e9 n\u00e1s prov\u00e1zej\u00ed cel\u00fdm adventn\u00edm \u010dasem.V\u011bnec si samoz\u0159ejm\u011b m\u016f\u017eete i vyrobit sami, podle va\u0161ich p\u0159edstav. Sta\u010d\u00ed si koupit v hobby marketu t\u0159eba prout\u011bn\u00fd v\u011bnec, kter\u00fd si nazdob\u00edte zelen\u00fdmi v\u011btvi\u010dkami, a p\u0159id\u00e1te n\u011bkolik ozdob a samoz\u0159ejm\u011b p\u0159ipevn\u00edte \u010dty\u0159i sv\u00ed\u010dky.V kv\u011btin\u00e1\u0159stv\u00ed si m\u016f\u017eete zakoupit i jmel\u00ed, kter\u00e9 je op\u0159edeno tajemnem a podle m\u00fdt\u016f zajist\u00ed ka\u017ed\u00e9 dom\u00e1cnosti \u0161t\u011bst\u00ed a po\u017eehn\u00e1n\u00ed. Z jeho v\u011btv\u00ed byla vyrobena kol\u00e9bka pro Je\u017e\u00ed\u0161ka a lid\u00e9 dodnes v\u011b\u0161\u00ed zelen\u00e9, zlat\u00e9 nebo i jin\u00e9 barvy jmel\u00ed nad \u0161t\u011bdrove\u010dern\u00ed st\u016fl.\u00a0\tN\u00e1kup v\u00e1no\u010dn\u00edho strome\u010dkuNeopomenuteln\u00fd je i v\u00e1no\u010dn\u00ed strome\u010dek, bez kter\u00e9ho jakoby V\u00e1noce ani neexistovaly. Brzy se za\u010dne s prodejem borovic, jedli\u010dek i smrk\u016f. S n\u00e1kupem v\u00e1no\u010dn\u00edho strome\u010dku bychom nem\u011bli ot\u00e1let a m\u011bli bychom ho koupit hned, jakmile se za\u010dne s prodejem.Strome\u010dky pro \u0161t\u011bdrove\u010dern\u00ed atmosf\u00e9ru jsou toti\u017e u\u017e p\u0159ipraveny a \u017e\u00e1dn\u00e9 \u010derstv\u011bj\u0161\u00ed u\u017e t\u011bsn\u011b p\u0159ed sv\u00e1tky nekoup\u00edte. Naopak, pokud si ho zakoup\u00edte v\u010das, m\u016f\u017eete ho doma nechat v chladn\u00e9 m\u00edstnosti nebo venku na balkon\u011b \u010di na zahrad\u011b a d\u00e1t ho do kbel\u00edku s vodou, \u010d\u00edm\u017e ho udr\u017e\u00edte del\u0161\u00ed dobu \u010derstv\u011bj\u0161\u00ed.                                                                                                                                                                                                                                                                                                                                                                                        4.5\/5 - (6 votes)        "},{"@context":"https:\/\/schema.org\/","@type":"BreadcrumbList","itemListElement":[{"@type":"ListItem","position":1,"name":"Je \u010das nakoupit v\u00e1no\u010dn\u00ed dekorace","item":"https:\/\/www.zijesjenjednou.cz\/je-cas-nakoupit-vanocni-dekorace\/#breadcrumbitem"}]}]