[{"@context":"https:\/\/schema.org\/","@type":"Article","@id":"https:\/\/www.zijesjenjednou.cz\/jaro-v-satniku-i-jako-dekorace\/#Article","mainEntityOfPage":"https:\/\/www.zijesjenjednou.cz\/jaro-v-satniku-i-jako-dekorace\/","headline":"Jaro v \u0161atn\u00edku i jako dekorace!","name":"Jaro v \u0161atn\u00edku i jako dekorace!","description":"U\u017e jste taky nerv\u00f3zn\u00ed z\u00a0v\u011b\u010dn\u00e9ho \u010dek\u00e1n\u00ed na jaro? Nedostatek slun\u00ed\u010dka na v\u00e1s p\u016fsob\u00ed depresivn\u011b? V\u00a0byt\u011b m\u00e1te zbytky zimn\u00edch ozdob a ve sk\u0159\u00edni tepl\u00e9 svetry a bundy? Poj\u010fte to trochu zm\u011bnit a za\u010d\u00edt v\u00edtat jaro. Tady je p\u00e1r rad, jak za\u010d\u00edt.\u00a0 Za\u010dn\u011bte \u0161atn\u00edkem. Vyrazte na n\u00e1kupy! Nemus\u00edte utratit tis\u00edce, ale n\u011bjak\u00fd nov\u00fd jarn\u00ed kousek v\u00a0\u0161atn\u00edku v\u00e1m...","datePublished":"2023-04-27","dateModified":"2023-04-27","author":{"@type":"Person","@id":"https:\/\/www.zijesjenjednou.cz\/author\/#Person","name":"zijesjenjednou.cz\n","url":"https:\/\/www.zijesjenjednou.cz\/author\/","identifier":1,"image":{"@type":"ImageObject","@id":"https:\/\/secure.gravatar.com\/avatar\/f7320ca526354d2794ceb75173050bfa147af8617816df401a16569341b5fbaf?s=96&d=mm&r=g","url":"https:\/\/secure.gravatar.com\/avatar\/f7320ca526354d2794ceb75173050bfa147af8617816df401a16569341b5fbaf?s=96&d=mm&r=g","height":96,"width":96}},"publisher":{"@type":"Organization","name":"zijesjenjednou.cz","logo":{"@type":"ImageObject","@id":"\/logo.png","url":"\/logo.png","width":600,"height":60}},"url":"https:\/\/www.zijesjenjednou.cz\/jaro-v-satniku-i-jako-dekorace\/","about":["N\u00e1kupy"],"wordCount":446,"articleBody":"U\u017e jste taky nerv\u00f3zn\u00ed z\u00a0v\u011b\u010dn\u00e9ho \u010dek\u00e1n\u00ed na jaro? Nedostatek slun\u00ed\u010dka na v\u00e1s p\u016fsob\u00ed depresivn\u011b? V\u00a0byt\u011b m\u00e1te zbytky zimn\u00edch ozdob a ve sk\u0159\u00edni tepl\u00e9 svetry a bundy? Poj\u010fte to trochu zm\u011bnit a za\u010d\u00edt v\u00edtat jaro. Tady je p\u00e1r rad, jak za\u010d\u00edt.\u00a0Za\u010dn\u011bte \u0161atn\u00edkem. Vyrazte na n\u00e1kupy! Nemus\u00edte utratit tis\u00edce, ale n\u011bjak\u00fd nov\u00fd jarn\u00ed kousek v\u00a0\u0161atn\u00edku v\u00e1m ur\u010dit\u011b zp\u0159\u00edjemn\u00ed tyto chmurn\u00e9 dny. Nejv\u011bt\u0161\u00edm trendem leto\u0161n\u00edho jara jsou sv\u011btl\u00e9 d\u017e\u00edny s\u00a0d\u00edrami. \u017de \u017e\u00e1dn\u00e9 nem\u00e1te? Nevad\u00ed, zkuste si n\u011bjak\u00e9 vyrobit. Vezm\u011bte star\u00e9 d\u017e\u00edny (pokud jsou o\u0161oupan\u00e9, tak nevad\u00ed, t\u00edm l\u00e9pe) a po\u0159\u00e1dn\u011b se na nich vy\u0159\u00e1d\u011bte. St\u0159\u00edhejte, trhejte, nebo pou\u017eijte smirkov\u00fd pap\u00edr.Dal\u0161\u00edm kouskem, kter\u00fd by ve va\u0161em jarn\u00edm \u0161atn\u00edku nem\u011bl chyb\u011bt je svetr, je to m\u00f3da, kter\u00e1 nikdy neomrz\u00ed, d\u00e1 se\u00a0nosit prakticky ke v\u0161emu a nav\u00edc se skv\u011ble hod\u00ed na mraziv\u00e1 jarn\u00ed r\u00e1na. V\u00a0neposledn\u00ed \u0159ad\u011b si ur\u010dit\u011b po\u0159i\u010fte hit posledn\u00edch let \u2013 maxi \u0161\u00e1lu, pokud se domn\u00edv\u00e1te, \u017ee je to kousek sp\u00ed\u0161e do zimn\u00edho \u0161atn\u00edku, jste na omylu. Nic se toti\u017e k\u00a0jarn\u00ed bundi\u010dce nehod\u00ed v\u00edce, ne\u017e velk\u00e1 \u0161\u00e1la, kter\u00e1 v\u00e1s nejen zah\u0159eje, ale i docel\u00ed v\u00e1\u0161 outfit.\u00a0 \u00a0\u00a0\u00a0Inspirace zahrani\u010d\u00edm. Pokud zvol\u00edte n\u00e1kupy v\u00a0zahrani\u010d\u00ed, tak na fashion weeku v Mil\u00e1n\u011b v\u00a0tom maj\u00ed jasno. \u010c\u00edm barevn\u011bj\u0161\u00ed t\u00edm lep\u0161\u00ed, tak\u017ee co takhle p\u0159ivolat jaro v\u00a0slun\u00ed\u010dkov\u011b \u017elut\u00e9?Dekorace. V\u00a0tomto ohledu je nejlep\u0161\u00ed d\u00e1t na dojem. Ud\u011blejte si proch\u00e1zku po m\u011bst\u011b. Projd\u011bte galanterie a kv\u011btin\u00e1\u0159stv\u00ed a jist\u011b v\u00e1m n\u011bco cvrnkne o nos. Zkuste si nap\u0159\u00edklad koupit, m\u00edsto \u0159ezan\u00fdch tulip\u00e1n\u016f, kter\u00e9 vydr\u017e\u00ed jen p\u00e1r dn\u00ed,\u00a0 n\u011bjak\u00e9 v\u00a0kv\u011btin\u00e1\u010di a kv\u011btin\u00e1\u010d si sami o\u017eivte. Typ pro leto\u0161n\u00ed jaro je pleten\u00ed, a r\u016fzn\u00e9 ozd\u016fbky spojen\u00e9 s\u00a0textiliemi.\u00a0Vyrazte tedy je\u0161t\u011b dnes na men\u0161\u00ed n\u00e1kup, ale hlavn\u011b bez hyster\u010den\u00ed, \u017ee nem\u00e1te co na sebe \u2013 na sebe m\u00e1te v\u017edy n\u011bco. Proto pokud nechcete m\u011bnit \u0161atn\u00edk, zajd\u011bte t\u0159eba do kade\u0159nictv\u00ed nebo na manik\u00faru. Po dlouh\u00fdch m\u011bs\u00edc\u00edch chozen\u00ed v\u00a0kab\u00e1tu jako kukla tedy kone\u010dn\u011b vykoukn\u011bte ven a probu\u010fte se, jako pr\u00e1v\u011b vyl\u00edhnut\u00fd mot\u00fdl.                                                                                                                                                                                                                                                                                                                                                                                        4.2\/5 - (4 votes)        "},{"@context":"https:\/\/schema.org\/","@type":"BreadcrumbList","itemListElement":[{"@type":"ListItem","position":1,"name":"Jaro v \u0161atn\u00edku i jako dekorace!","item":"https:\/\/www.zijesjenjednou.cz\/jaro-v-satniku-i-jako-dekorace\/#breadcrumbitem"}]}]