[{"@context":"https:\/\/schema.org\/","@type":"Article","@id":"https:\/\/www.zijesjenjednou.cz\/francie-neni-jen-vyhled-z-eiffelovky\/#Article","mainEntityOfPage":"https:\/\/www.zijesjenjednou.cz\/francie-neni-jen-vyhled-z-eiffelovky\/","headline":"Francie nen\u00ed jen v\u00fdhled z ,,Eiffelovky\u2018\u2018","name":"Francie nen\u00ed jen v\u00fdhled z ,,Eiffelovky\u2018\u2018","description":"I kdy\u017e si to mnoz\u00ed nemysl\u00ed, Francie opravdu nen\u00ed pouze v\u00fdhled z v\u00fd\u0161e jmenovan\u00e9 Eiffelovky . Francie v\u00e1m toho m\u016f\u017ee nab\u00eddnout spoustu. Najdete zde i jin\u00e9 velmi zn\u00e1m\u00e9 pam\u00e1tky. Jestli je n\u011bco, co by rozhodn\u011b ka\u017ed\u00fd m\u011bl ve Francii vyzkou\u0161et, pak je to gastronomie, kter\u00e1 va\u0161e chu\u0165ov\u00e9 bu\u0148ky rozhodn\u011b pot\u011b\u0161\u00ed. Vyzkou\u0161et byste tak\u00e9 m\u011bli skv\u011bl\u00e9...","datePublished":"2019-05-26","dateModified":"2023-04-28","author":{"@type":"Person","@id":"https:\/\/www.zijesjenjednou.cz\/author\/#Person","name":"zijesjenjednou.cz\n","url":"https:\/\/www.zijesjenjednou.cz\/author\/","identifier":1,"image":{"@type":"ImageObject","@id":"https:\/\/secure.gravatar.com\/avatar\/f7320ca526354d2794ceb75173050bfa147af8617816df401a16569341b5fbaf?s=96&d=mm&r=g","url":"https:\/\/secure.gravatar.com\/avatar\/f7320ca526354d2794ceb75173050bfa147af8617816df401a16569341b5fbaf?s=96&d=mm&r=g","height":96,"width":96}},"publisher":{"@type":"Organization","name":"zijesjenjednou.cz","logo":{"@type":"ImageObject","@id":"\/logo.png","url":"\/logo.png","width":600,"height":60}},"image":{"@type":"ImageObject","@id":"https:\/\/www.zijesjenjednou.cz\/wp-content\/uploads\/img_a345022_w1750_t1558798859.jpg","url":"https:\/\/www.zijesjenjednou.cz\/wp-content\/uploads\/img_a345022_w1750_t1558798859.jpg","height":0,"width":0},"url":"https:\/\/www.zijesjenjednou.cz\/francie-neni-jen-vyhled-z-eiffelovky\/","about":["Kr\u00e1sa"],"wordCount":406,"articleBody":"I kdy\u017e si to mnoz\u00ed nemysl\u00ed, Francie opravdu nen\u00ed pouze v\u00fdhled z v\u00fd\u0161e jmenovan\u00e9 Eiffelovky . Francie v\u00e1m toho m\u016f\u017ee nab\u00eddnout spoustu. Najdete zde i jin\u00e9 velmi zn\u00e1m\u00e9 pam\u00e1tky. Jestli je n\u011bco, co by rozhodn\u011b ka\u017ed\u00fd m\u011bl ve Francii vyzkou\u0161et, pak je to gastronomie, kter\u00e1 va\u0161e chu\u0165ov\u00e9 bu\u0148ky rozhodn\u011b pot\u011b\u0161\u00ed. Vyzkou\u0161et byste tak\u00e9 m\u011bli skv\u011bl\u00e9 v\u00edno, kter\u00e9 jen tak nikde nevyzkou\u0161\u00edte. V neposledn\u00ed \u0159ad\u011b byste nem\u011bli vynechat ani n\u00e1v\u0161t\u011bvu mo\u0159e, kter\u00e9 v\u00e1s velmi mile p\u0159ekvap\u00ed. Co se t\u00fdk\u00e1 samotn\u00e9 gastronomie, m\u016f\u017ee v\u00e1m nab\u00eddnout a\u017e n\u011bkolik des\u00edtek specialit, jako je nap\u0159\u00edklad cibula\u010dka, kohout na v\u00edn\u011b, hus\u00ed jat\u00fdrka a mnoho dal\u0161\u00edch. Ne nadarmo se \u0159\u00edk\u00e1, \u017ee jsou Francouzi mistry gastronomie. Takov\u00fdm symbolem jsou bagety, kter\u00e9 jsou velmi obl\u00edben\u00e9. Jestli je n\u011bco, co byste rozhodn\u011b m\u011bli okusit, pak jsou to Croissanty, Brioche, Profiterole a dal\u0161\u00ed. Jak jsme ji\u017e v\u00fd\u0161e zmi\u0148ovali, rozhodn\u011b mus\u00edte okusit jejich v\u00edno. V\u00edna jsou toti\u017e t\u011bmi nejvyhl\u00e1\u0161en\u011bj\u0161\u00edmi a rozhodn\u011b se maj\u00ed \u010d\u00edm py\u0161nit. Nen\u00ed se tak\u00e9 \u010demu divit, \u017ee m\u00e1 Francie deset hlavn\u00edch vina\u0159sk\u00fdch oblast\u00ed, kdy ka\u017ed\u00e1 z nich m\u00e1 jedine\u010dnou historii. Jedn\u00e1 se o ty nejkvalitn\u011bj\u0161\u00ed v\u00edna na sv\u011bt\u011b. Jestli existuj\u00ed m\u00edsta, kter\u00e1 byste rozhodn\u011b m\u011bli nav\u0161t\u00edvit, pak je to nap\u0159\u00edklad m\u011bste\u010dko zvan\u00e9 Orl\u00e9ans, kter\u00e9 je spjato s Johankou z Arku. Nevynechat byste nem\u011bli tak\u00e9 v\u00edt\u011bzn\u00fd oblouk, kter\u00fd byl postaven na po\u010dest francouzsk\u00e9 arm\u00e1dy, ale tak\u00e9 katedr\u00e1lu Notre Dame de Chartres, kter\u00e1 se \u0159ad\u00ed mezi ty nejv\u00fdznamn\u011bj\u0161\u00ed gotick\u00e9 pam\u00e1tky. Nejvyhl\u00e1\u0161en\u011bj\u0161\u00ed destinac\u00ed je Francouzsk\u00e1 rivi\u00e9ra, kterou tak\u00e9 m\u016f\u017eete zn\u00e1t pod n\u00e1zvem Azurov\u00e9 pob\u0159e\u017e\u00ed. Pokud v\u00e1s p\u0159itahuje surfov\u00e1n\u00ed, pak byste m\u011bli zav\u00edtat k Atlantsk\u00e9mu oce\u00e1nu, kter\u00fd je hned druhou obl\u00edbenou lokalitou pro surfov\u00e1n\u00ed. Francie je m\u00edsto, kde nenajdete pouze p\u0159ekr\u00e1sn\u00e1 m\u00edsta, ale tak\u00e9 spoustu v\u00fdte\u010dn\u00e9ho j\u00eddla a zvyk\u016f. Francie se \u0159ad\u00ed rozhodn\u011b mezi zem\u011b kr\u00e1sn\u00e9 a dokonce i mezi ty, kter\u00e9 v\u00e1m nab\u00eddnou spoustu mo\u017enost\u00ed a v neposledn\u00ed \u0159ad\u011b tak\u00e9 z\u00e1\u017eitk\u016f.                                                                                                                                                                                                                                                                                                                                                                                        4.2\/5 - (4 votes)        "},{"@context":"https:\/\/schema.org\/","@type":"BreadcrumbList","itemListElement":[{"@type":"ListItem","position":1,"name":"Francie nen\u00ed jen v\u00fdhled z ,,Eiffelovky\u2018\u2018","item":"https:\/\/www.zijesjenjednou.cz\/francie-neni-jen-vyhled-z-eiffelovky\/#breadcrumbitem"}]}]