[{"@context":"https:\/\/schema.org\/","@type":"Article","@id":"https:\/\/www.zijesjenjednou.cz\/doladite-barevnymi-doplnky\/#Article","mainEntityOfPage":"https:\/\/www.zijesjenjednou.cz\/doladite-barevnymi-doplnky\/","headline":"Dolad\u00edte barevn\u00fdmi dopl\u0148ky","name":"Dolad\u00edte barevn\u00fdmi dopl\u0148ky","description":"Ka\u017ed\u00fd domov je trochu jin\u00fd, ale pokud n\u00e1m sd\u011bl\u00edte dop\u0159edu, jak\u00fd prostor m\u00e1te, a jakou p\u0159edstavu, tak se jist\u011b spole\u010dn\u011b domluv\u00edme a m\u016f\u017eeme v\u00e1m ud\u011blat n\u00e1vrh zdarma. M\u00e1te specifick\u00e9 po\u017eadavky nebo atypick\u00fd prostor? Nic nen\u00ed probl\u00e9m, jsme kone\u010dn\u00ed v\u00fdrobci cel\u00e9ho prostoru, tak\u017ee se um\u00edme p\u0159izp\u016fsobit.Tou\u017e\u00edte po n\u011b\u010dem v\u00fdjime\u010dn\u00e9m? Pak zvolte rustik\u00e1ln\u00ed nebo rohovou. Jak\u00e1 barva...","datePublished":"2023-04-27","dateModified":"2023-04-27","author":{"@type":"Person","@id":"https:\/\/www.zijesjenjednou.cz\/author\/#Person","name":"zijesjenjednou.cz\n","url":"https:\/\/www.zijesjenjednou.cz\/author\/","identifier":1,"image":{"@type":"ImageObject","@id":"https:\/\/secure.gravatar.com\/avatar\/f7320ca526354d2794ceb75173050bfa147af8617816df401a16569341b5fbaf?s=96&d=mm&r=g","url":"https:\/\/secure.gravatar.com\/avatar\/f7320ca526354d2794ceb75173050bfa147af8617816df401a16569341b5fbaf?s=96&d=mm&r=g","height":96,"width":96}},"publisher":{"@type":"Organization","name":"zijesjenjednou.cz","logo":{"@type":"ImageObject","@id":"\/logo.png","url":"\/logo.png","width":600,"height":60}},"url":"https:\/\/www.zijesjenjednou.cz\/doladite-barevnymi-doplnky\/","about":["Bydlen\u00ed"],"wordCount":467,"articleBody":"     Ka\u017ed\u00fd domov je trochu jin\u00fd, ale pokud n\u00e1m sd\u011bl\u00edte dop\u0159edu, jak\u00fd prostor m\u00e1te, a jakou p\u0159edstavu, tak se jist\u011b spole\u010dn\u011b domluv\u00edme a m\u016f\u017eeme v\u00e1m ud\u011blat n\u00e1vrh zdarma. M\u00e1te specifick\u00e9 po\u017eadavky nebo atypick\u00fd prostor? Nic nen\u00ed probl\u00e9m, jsme kone\u010dn\u00ed v\u00fdrobci cel\u00e9ho prostoru, tak\u017ee se um\u00edme p\u0159izp\u016fsobit.Tou\u017e\u00edte po n\u011b\u010dem v\u00fdjime\u010dn\u00e9m? Pak zvolte rustik\u00e1ln\u00ed nebo rohovou. Jak\u00e1 barva se nejv\u00edce hod\u00ed? Jsou to barevn\u00e9 odst\u00edny, nebo n\u011bjak\u00e1 klasick\u00e1? My vs\u00e1z\u00edme na klasickou barvu, stejn\u011b tak jako na jin\u00e9 barevn\u00e9 odst\u00edny.  B\u00edl\u00e1 barva je toti\u017e opravdu p\u016fvabn\u00e1, pokud si vyberete dv\u00ed\u0159ka ve vysok\u00e9m lesku, tak bude zajist\u00e9 vypadat velice luxusn\u011b, pokud v matn\u00e9m proveden\u00ed, tak naopak budete m\u00edt jednodu\u0161\u0161\u00ed \u00fadr\u017ebu. \u00d8 je sv\u011b\u017e\u00ed a nikdy nezest\u00e1rne \u00d8 modern\u00ed styl, kter\u00fd je opravdu v\u011b\u010dn\u00fd  \u00d8 hod\u00ed se do jak\u00e9hokoliv domova \u00d8 praktick\u00fd, proto\u017ee jak by se sice mohlo na prvn\u00ed pohled zd\u00e1t, \u017ee je slo\u017eit\u00fd na udr\u017eov\u00e1n\u00ed, tak tomu tak nen\u00ed. Leskl\u00e1 dv\u00ed\u0159ka nemus\u00edte ka\u017ed\u00fd den st\u00edrat a ukl\u00edzet, to je p\u0159e\u017eitek.  \u00d8 nezmen\u0161uje prostor \u00d8 pr\u00e1v\u011b naopak opticky jej zv\u011bt\u0161uje \u00d8 sv\u011b\u017e\u00ed barva, kter\u00e1 se d\u00e1 pozd\u011bji skv\u011ble kombinovat  \u00d8 tato barva se hod\u00ed ke ka\u017ed\u00e9mu druhu a stylu n\u00e1bytku  \u00d8 vypad\u00e1 elegantn\u011b \u00d8 nen\u00ed to \u017e\u00e1dn\u00e1 divo\u010dina, sta\u010d\u00ed doplnit p\u00e1r detaily  \u00d8 skloubit ji m\u016f\u017eete se vzorem d\u0159eva nebo jinou barvou   D\u00e1 se dokonale ladit v ka\u017ed\u00e9m interi\u00e9ru B\u00edl\u00e1 kuchyn\u011b by m\u011bla b\u00fdt p\u0159ednost\u00ed cel\u00e9 m\u00edstnosti. Vysok\u00fd lesk ji \u010dasto dod\u00e1 ten spr\u00e1vn\u00fd \u0161mrnc, tak\u017ee u\u017e nemus\u00edte m\u00edt starost, \u017ee by to vypadalo jako v nemocnici. P\u016fsob\u00ed sv\u011b\u017ee ale tak\u00e9 stylov\u011b a co je hlavn\u00edm, nikdy nest\u00e1rne. Je modern\u00ed a br\u00e1t na ni budou v\u0161echny ostatn\u00ed barvy, v p\u0159\u00edpad\u011b, \u017ee byste si rozmysleli do budoucna n\u011b\u010d\u00edm tento prostor osv\u011b\u017eit a doladit. V ka\u017ed\u00e9m interi\u00e9ru se daj\u00ed kombinovat jak barvy, tak i styly. Vyr\u00e1b\u00edme v\u0161echny sou\u010d\u00e1st\u00ed cel\u00e9ho prostorou p\u0159\u00edmo v\u00e1m na m\u00edru. M\u016f\u017eeme p\u0159idat p\u00e1r mali\u010dkost\u00ed \u010di drobnost\u00ed, \u010d\u00edm\u017e bude va\u0161e m\u00edstnost na va\u0159en\u00ed vypadat je\u0161t\u011b vzne\u0161en\u011bji. Sna\u017e\u00edme se tak\u00e9 p\u0159izp\u016fsobit cenou, tak\u017ee sv\u00fdm z\u00e1kazn\u00edk\u016fm d\u00e1v\u00e1me eleganci a kr\u00e1su za opravdu n\u00edzk\u00e9 ceny. V\u017edy je cel\u00fd prostor \u00fa\u017easn\u011b praktick\u00fd. Vybav\u00edme v\u00e1m kompletn\u011b i spot\u0159ebi\u010de \u010di osv\u011btlen\u00ed cel\u00e9 m\u00edstnosti.                                                                                                                                                                                                                                                                                                                                                                                          4\/5 - (4 votes)        "},{"@context":"https:\/\/schema.org\/","@type":"BreadcrumbList","itemListElement":[{"@type":"ListItem","position":1,"name":"Dolad\u00edte barevn\u00fdmi dopl\u0148ky","item":"https:\/\/www.zijesjenjednou.cz\/doladite-barevnymi-doplnky\/#breadcrumbitem"}]}]